{"id":14711,"date":"2024-05-30T16:41:02","date_gmt":"2024-05-30T19:41:02","guid":{"rendered":"https:\/\/www.visionweb.com.ar\/?p=14711"},"modified":"2024-05-30T16:41:02","modified_gmt":"2024-05-30T19:41:02","slug":"pese-al-fallo-judicial-que-ordena-retrotraer-los-precios-la-tarifa-del-subte-aumentara-este-sabado","status":"publish","type":"post","link":"https:\/\/www.visionweb.com.ar\/?p=14711","title":{"rendered":"Pese al fallo judicial que ordena retrotraer los precios, la tarifa del subte aumentar\u00e1 este s\u00e1bado"},"content":{"rendered":"<p><em><strong>El precio del pasaje deb\u00eda retrotraerse a $125 a partir del pr\u00f3ximo lunes, pero la empresa que administra red de subterr\u00e1neos contin\u00faa con el esquema de aumentos escalonados y la tarifa se va desde el s\u00e1bado 1ro. de junio a $650.<\/strong><\/em><!--more--><\/p>\n<p><strong>\u00a0 <img loading=\"lazy\" decoding=\"async\" class=\"size-full wp-image-7388 alignright\" src=\"https:\/\/www.visionweb.com.ar\/wp-content\/uploads\/2022\/09\/subtes.bmp\" alt=\"\" width=\"664\" height=\"385\" \/> L<\/strong>a justicia porte\u00f1a hab\u00eda suspendido los aumentos del pasaje del subte hasta el 10 de julio inclusive,\u00a0pero de todas formas <strong>el valor del boleto volver\u00e1 a subir este fin de semana,\u00a0<\/strong>conforme lo indicaron fuentes de\u00a0<strong>Sbase<\/strong>, la empresa de la Ciudad de Buenos Aires que tiene a su cargo la administraci\u00f3n de la red de subterr\u00e1neos.<\/p>\n<p>Como la resoluci\u00f3n de Sbase, que determin\u00f3 aumentos escalonados hasta agosto es anterior a la resoluci\u00f3n judicial que orden\u00f3 la implementaci\u00f3n de un cuadro tarifario \u00abjusto y razonable para los usuarios\u00bb,\u00a0<strong>la suba prevista sigue vigente<\/strong>.<\/p>\n<p>De esta manera, el increment\u00f3 se har\u00e1 efectivo este s\u00e1bado 1 de junio, cuando la tarifa pasar\u00e1 de valer\u00a0<strong>$574<\/strong>\u00a0a<strong>\u00a0$650<\/strong>.<\/p>\n<p>Esta cifra responde al esquema de aumento escalonado del pasaje que hab\u00eda sido comunicado en primera instancia en el\u00a0<strong>Bolet\u00edn Oficial,\u00a0<\/strong>en el cual estaba programada tanto esta actualizaci\u00f3n como una posterior para<strong>\u00a0el mes de agosto,\u00a0<\/strong>que dejar\u00eda el precio final en $757.<\/p>\n<p>Sin embargo, algunos dirigentes del Frente de Izquierda (FIT) elevaron un pedido formal para evitar los aumentos, refiri\u00e9ndose a este plan previsto como\u00a0<strong>\u201cilegal y fraudulento\u201d<\/strong>.<\/p>\n<p>La situaci\u00f3n fue evaluada por la Justicia y a principios de esta semana el Juzgado de 1\u00b0 Instancia en lo Contencioso Administrativo y Tributario N\u00ba 4 de la Ciudad de Buenos Aires, a cargo de la jueza\u00a0<strong>Elena Liberatori<\/strong>,<strong>\u00a0<\/strong>comunic\u00f3 su fallo.<\/p>\n<p>En ese marco, la jueza Liberatori\u00a0<strong>acept\u00f3 la apelaci\u00f3n del gobierno de la Ciudad de Buenos Aires que fren\u00f3 el tarifazo del Subte<\/strong>, pero la concedi\u00f3 con efecto \u201cno suspensivo\u201d.<\/p>\n<p>Ello significa que\u00a0<strong>la cautelar, que retrotrajo el precio del pasaje a 125 pesos a partir del pr\u00f3ximo lunes, contin\u00faa vigente.<\/strong><\/p>\n<p>A la vez, la jueza hab\u00eda ordenado que se elaborara un\u00a0<strong>cuadro tarifario justo y razonable\u00a0<\/strong>para los usuarios.<\/p>\n<p>En su dictamen, la magistrada emplaz\u00f3 al gobierno porte\u00f1o para que en el t\u00e9rmino de\u00a0<strong>cinco d\u00edas h\u00e1biles administrativos\u00a0<\/strong>\u2013que ya est\u00e1n corriendo- presente \u201cuna readecuaci\u00f3n de la tarifa al usuario que adopte los criterios de tarifa justa y razonable\u201d.<\/p>\n<p>En caso de no hacerlo, advirti\u00f3, \u201cse proceder\u00e1 sin m\u00e1s a\u00a0<strong>la suspensi\u00f3n lisa y llana de la Resoluci\u00f3n 5\/SBASE\/24<\/strong>\u201d, que fue la que dispuso el nuevo cuadro tarifario ahora dejado sin efecto de manera provisoria.<\/p>\n<p>Eso fue apelado por el gobierno porte\u00f1o, pero\u00a0<strong>el efecto \u201cno suspensivo\u201d con que fue receptado el recurso implica que los plazos siguen corriendo<\/strong>.<\/p>\n<p>\u201cToda vez que la ley que regula la acci\u00f3n de amparo en la Ciudad de Buenos Aires no prev\u00e9 excepci\u00f3n alguna en relaci\u00f3n al efecto no suspensivo del recurso de apelaci\u00f3n en el caso de las medidas cautelares\u00a0<strong>ni faculta a les jueces a omitir el traslado a las partes de los fundamentos esgrimidos<\/strong>, estese a las prescripciones de la norma citada\u201d, resolvi\u00f3 la jueza.<\/p>\n<p>\u201cEn consecuencia -a\u00f1adi\u00f3-\u00a0<strong>conc\u00e9dese en relaci\u00f3n y con efecto no suspensivo\u00a0<\/strong>el recurso de apelaci\u00f3n\u201d.<\/p>\n<p>El gobierno porte\u00f1o pidi\u00f3 que \u201cse revoque la resoluci\u00f3n en crisis, en atenci\u00f3n entre otros agravios a la improcedencia de la medida precautoria dictada y la\u00a0<strong>evidente falta de constataci\u00f3n de los requisitos legales para su procedencia, la arbitrariedad de la medida\u00a0<\/strong>y la ostensible falta de fundamentaci\u00f3n y el apartamiento del debido proceso legal y adjetivo\u201d.<\/p>\n<p>Adem\u00e1s, denunci\u00f3 que la medida \u201cafecta gravemente\u00a0<strong>el inter\u00e9s p\u00fablico comprometido<\/strong>, la divisi\u00f3n de poderes y el derecho de propiedad\u201d.\u00a0<strong>(VW)<\/strong><\/p>\n","protected":false},"excerpt":{"rendered":"<p>El precio del pasaje deb\u00eda retrotraerse a $125 a partir del pr\u00f3ximo lunes, pero la empresa que administra red de subterr\u00e1neos contin\u00faa con el esquema de aumentos escalonados y la tarifa se va desde&#46;&#46;&#46;<\/p>\n","protected":false},"author":4,"featured_media":7388,"comment_status":"closed","ping_status":"closed","sticky":false,"template":"","format":"standard","meta":{"_monsterinsights_skip_tracking":false,"_monsterinsights_sitenote_active":false,"_monsterinsights_sitenote_note":"","_monsterinsights_sitenote_category":0,"footnotes":""},"categories":[6,4],"tags":[6165,5546,6164],"class_list":["post-14711","post","type-post","status-publish","format-standard","has-post-thumbnail","hentry","category-economia","category-politica","tag-aumento-escalonado","tag-fallo-judicial","tag-tarifa-de-subtes"],"_links":{"self":[{"href":"https:\/\/www.visionweb.com.ar\/index.php?rest_route=\/wp\/v2\/posts\/14711","targetHints":{"allow":["GET"]}}],"collection":[{"href":"https:\/\/www.visionweb.com.ar\/index.php?rest_route=\/wp\/v2\/posts"}],"about":[{"href":"https:\/\/www.visionweb.com.ar\/index.php?rest_route=\/wp\/v2\/types\/post"}],"author":[{"embeddable":true,"href":"https:\/\/www.visionweb.com.ar\/index.php?rest_route=\/wp\/v2\/users\/4"}],"replies":[{"embeddable":true,"href":"https:\/\/www.visionweb.com.ar\/index.php?rest_route=%2Fwp%2Fv2%2Fcomments&post=14711"}],"version-history":[{"count":1,"href":"https:\/\/www.visionweb.com.ar\/index.php?rest_route=\/wp\/v2\/posts\/14711\/revisions"}],"predecessor-version":[{"id":14712,"href":"https:\/\/www.visionweb.com.ar\/index.php?rest_route=\/wp\/v2\/posts\/14711\/revisions\/14712"}],"wp:featuredmedia":[{"embeddable":true,"href":"https:\/\/www.visionweb.com.ar\/index.php?rest_route=\/wp\/v2\/media\/7388"}],"wp:attachment":[{"href":"https:\/\/www.visionweb.com.ar\/index.php?rest_route=%2Fwp%2Fv2%2Fmedia&parent=14711"}],"wp:term":[{"taxonomy":"category","embeddable":true,"href":"https:\/\/www.visionweb.com.ar\/index.php?rest_route=%2Fwp%2Fv2%2Fcategories&post=14711"},{"taxonomy":"post_tag","embeddable":true,"href":"https:\/\/www.visionweb.com.ar\/index.php?rest_route=%2Fwp%2Fv2%2Ftags&post=14711"}],"curies":[{"name":"wp","href":"https:\/\/api.w.org\/{rel}","templated":true}]}}