{"id":14708,"date":"2024-05-30T13:40:14","date_gmt":"2024-05-30T16:40:14","guid":{"rendered":"https:\/\/www.visionweb.com.ar\/?p=14708"},"modified":"2024-05-30T13:40:14","modified_gmt":"2024-05-30T16:40:14","slug":"un-supermercado-mayorista-despide-a-trabajadores-y-cierra-la-sucursal","status":"publish","type":"post","link":"https:\/\/www.visionweb.com.ar\/?p=14708","title":{"rendered":"Un supermercado mayorista despide a trabajadores y cierra la sucursal"},"content":{"rendered":"<p><strong><em>Se trata 25 trabajadores del\u00a0 supermercado Diarco. Los despidos se fundamentaron en las ca\u00eddas de las ventas por la crisis econ\u00f3mica.<\/em><\/strong>\u00a0 <!--more--><\/p>\n<div id=\"attachment_14709\" style=\"width: 310px\" class=\"wp-caption alignright\"><img loading=\"lazy\" decoding=\"async\" aria-describedby=\"caption-attachment-14709\" class=\"wp-image-14709 size-medium\" src=\"https:\/\/www.visionweb.com.ar\/wp-content\/uploads\/2024\/05\/DIARCO-DESPIDOS-300x166.png\" alt=\"\" width=\"300\" height=\"166\" srcset=\"https:\/\/www.visionweb.com.ar\/wp-content\/uploads\/2024\/05\/DIARCO-DESPIDOS-300x166.png 300w, https:\/\/www.visionweb.com.ar\/wp-content\/uploads\/2024\/05\/DIARCO-DESPIDOS.png 640w\" sizes=\"auto, (max-width: 300px) 100vw, 300px\" \/><p id=\"caption-attachment-14709\" class=\"wp-caption-text\">El Ministerio de Trabajo provincial se reunir\u00e1 este viernes con el Sidicato (SECLA) para evaluar una conciliaci\u00f3n obligatoria (Imagen: Inforegi\u00f3n)<\/p><\/div>\n<p>Con el argumento de la ca\u00edda de las ventas, el autoservicio mayorista Diarco anunci\u00f3 el cierre de la sucursal de Lan\u00fas Oeste ubicada en avenida Remedios de Escalada 1228 y el cese del v\u00ednculo laboral con los 25 trabajadores que se hab\u00edan presentado a cumplir con sus tareas habituales y que no pudieron ingresar en el local.<\/p>\n<p>La sucursal se hab\u00eda inaugurado en junio del 2007 y desde la empresa explicaron que su cierre se debe a la baja de las ventas en los meses que lleva este 2024.<\/p>\n<p>La medida se produjo dos semanas despu\u00e9s que otra cadena relacionada con el consumo masivo, Changomas, se desprendiera de 152 empleados entre ellos 17 despidos en el shopping Alto Avellaneda al centenar y medio que dispuso en respuesta a la reducci\u00f3n de las ventas por la ca\u00edda del consumo.<\/p>\n<p>CONCILIACI\u00d3N OBLIGATORIA<\/p>\n<p>En Lan\u00fas, ante la presencia del inspector del Ministerio de Trabajo bonaerense se paut\u00f3 para el viernes una audiencia donde se definir\u00e1 la conciliaci\u00f3n obligatoria.<\/p>\n<p>El Sindicato de Empleados de Lan\u00fas Avellaneda -SECLA- inform\u00f3 mediante un comunicado que \u201d25 compa\u00f1eros quedaron sin trabajo de manera repentina debido al cierre de Diarco Lan\u00fas\u201d.<\/p>\n<p>Tras conocerse la fuerte ca\u00edda de la actividad econ\u00f3mica en el primer trimestre del a\u00f1o, el desagregado correspondiente al consumo en supermercado mostr\u00f3 una ca\u00edda del 9,3%, seg\u00fan el INDEC.<\/p>\n<p>Adem\u00e1s, el acumulado enero-marzo de 2024 present\u00f3 una variaci\u00f3n decreciente a\u00fan mayor, del 11,5%, respecto de igual per\u00edodo de 2023.<strong>(VW)<\/strong><\/p>\n","protected":false},"excerpt":{"rendered":"<p>Se trata 25 trabajadores del\u00a0 supermercado Diarco. Los despidos se fundamentaron en las ca\u00eddas de las ventas por la crisis econ\u00f3mica.\u00a0<\/p>\n","protected":false},"author":3,"featured_media":14709,"comment_status":"closed","ping_status":"closed","sticky":false,"template":"","format":"standard","meta":{"_monsterinsights_skip_tracking":false,"_monsterinsights_sitenote_active":false,"_monsterinsights_sitenote_note":"","_monsterinsights_sitenote_category":0,"footnotes":""},"categories":[8],"tags":[5281,6162,6163],"class_list":["post-14708","post","type-post","status-publish","format-standard","has-post-thumbnail","hentry","category-interes-general","tag-despidos","tag-diarco","tag-secla"],"_links":{"self":[{"href":"https:\/\/www.visionweb.com.ar\/index.php?rest_route=\/wp\/v2\/posts\/14708","targetHints":{"allow":["GET"]}}],"collection":[{"href":"https:\/\/www.visionweb.com.ar\/index.php?rest_route=\/wp\/v2\/posts"}],"about":[{"href":"https:\/\/www.visionweb.com.ar\/index.php?rest_route=\/wp\/v2\/types\/post"}],"author":[{"embeddable":true,"href":"https:\/\/www.visionweb.com.ar\/index.php?rest_route=\/wp\/v2\/users\/3"}],"replies":[{"embeddable":true,"href":"https:\/\/www.visionweb.com.ar\/index.php?rest_route=%2Fwp%2Fv2%2Fcomments&post=14708"}],"version-history":[{"count":1,"href":"https:\/\/www.visionweb.com.ar\/index.php?rest_route=\/wp\/v2\/posts\/14708\/revisions"}],"predecessor-version":[{"id":14710,"href":"https:\/\/www.visionweb.com.ar\/index.php?rest_route=\/wp\/v2\/posts\/14708\/revisions\/14710"}],"wp:featuredmedia":[{"embeddable":true,"href":"https:\/\/www.visionweb.com.ar\/index.php?rest_route=\/wp\/v2\/media\/14709"}],"wp:attachment":[{"href":"https:\/\/www.visionweb.com.ar\/index.php?rest_route=%2Fwp%2Fv2%2Fmedia&parent=14708"}],"wp:term":[{"taxonomy":"category","embeddable":true,"href":"https:\/\/www.visionweb.com.ar\/index.php?rest_route=%2Fwp%2Fv2%2Fcategories&post=14708"},{"taxonomy":"post_tag","embeddable":true,"href":"https:\/\/www.visionweb.com.ar\/index.php?rest_route=%2Fwp%2Fv2%2Ftags&post=14708"}],"curies":[{"name":"wp","href":"https:\/\/api.w.org\/{rel}","templated":true}]}}