{"id":14699,"date":"2024-05-29T15:26:51","date_gmt":"2024-05-29T18:26:51","guid":{"rendered":"https:\/\/www.visionweb.com.ar\/?p=14699"},"modified":"2024-05-29T15:26:51","modified_gmt":"2024-05-29T18:26:51","slug":"los-senadores-ajustan-sus-dietas-otra-vez-y-pasaran-a-cobrar-8-millones-desde-junio","status":"publish","type":"post","link":"https:\/\/www.visionweb.com.ar\/?p=14699","title":{"rendered":"Los senadores ajustan sus dietas otra vez y pasar\u00e1n a cobrar $8 millones desde junio"},"content":{"rendered":"<p><strong><em>La suba, del 9%, est\u00e1 atada a la paritaria de los trabajadores del Congreso. En mano recibir\u00e1n alrededor de $5 millones.<\/em><\/strong><!--more--><\/p>\n<p><strong><img loading=\"lazy\" decoding=\"async\" class=\"size-full wp-image-1797 alignright\" src=\"https:\/\/www.visionweb.com.ar\/wp-content\/uploads\/2021\/06\/congreso.bmp\" alt=\"\" width=\"443\" height=\"304\" \/>\u00a0\u00a0\u00a0 L<\/strong>os<strong> senadores nacionales\u00a0<\/strong>recibir\u00e1n nuevo ajuste en sus sueldos, y en junio\u00a0<strong>cobrar\u00e1n, en promedio, unos $8 millones de pesos por mes<\/strong>.<\/p>\n<p>Con la suba, del 9% (2% retroactivo a abril y 7% de mayo), los 72 integrantes de la C\u00e1mara alta pasar\u00e1n el mes que viene a cobrar esa cifra en bruto, algo de m\u00e1s de\u00a0<strong>$ 5 millones netos (en mano)<\/strong>.<\/p>\n<p>El aumento llega como consecuencia de un mecanismo que ata los ingresos de los senadores a la paritaria de los empleados del Congreso.<\/p>\n<p>Hace un mes, una votaci\u00f3n poco clara en el Senado gener\u00f3 revuelo cuando los propios legisladores aprobaron una resoluci\u00f3n que habilit\u00f3 la suba de las dietas. En una votaci\u00f3n a mano alzada,\u00a0decidieron aumentarse las dietas\u00a0desde el 1 de mayo\u00a0de $1,9 millones a $7,2 millones (bruto).\u00a0La medida gener\u00f3 una fuerte pol\u00e9mica.<\/p>\n<p>El propio presidente\u00a0<strong>Javier Milei\u00a0<\/strong>cuestion\u00f3 la iniciativa desde sus redes sociales. \u201cAs\u00ed se mueve la casta\u201d, escribi\u00f3.<\/p>\n<p>Esas cr\u00edticas comenzaron a elevarse hasta llegar a la vice\u00a0<strong>Victoria Villarruel<\/strong>, presidenta del Senado, que tambi\u00e9n\u00a0se defendi\u00f3 en sus redes sociales\u00a0y aclar\u00f3 que no est\u00e1 dentro de sus facultades poder impedir esa votaci\u00f3n.<\/p>\n<p>El texto que se refiere a las dietas que acordaron los bloques en ese momento con Villarruel se\u00f1ala que pasar\u00e1n a estar conformadas por 2.500 m\u00f3dulos (de $1.800, pero se va actualizando), m\u00e1s un adicional de 1.000 m\u00f3dulos por gastos de representaci\u00f3n y 500 m\u00f3dulos de adicional por desarraigo. Sobre este \u00faltimo punto, s\u00f3lo cuatro no lo cobran en la actualidad. Adem\u00e1s,\u00a0se agregar\u00e1 una dieta a las 12 actuales para compensar el aguinaldo. <strong>(VW)<\/strong><\/p>\n<p>&nbsp;<\/p>\n","protected":false},"excerpt":{"rendered":"<p>La suba, del 9%, est\u00e1 atada a la paritaria de los trabajadores del Congreso. En mano recibir\u00e1n alrededor de $5 millones.<\/p>\n","protected":false},"author":4,"featured_media":1797,"comment_status":"closed","ping_status":"closed","sticky":false,"template":"","format":"standard","meta":{"_monsterinsights_skip_tracking":false,"_monsterinsights_sitenote_active":false,"_monsterinsights_sitenote_note":"","_monsterinsights_sitenote_category":0,"footnotes":""},"categories":[6,4],"tags":[6156,58,6155],"class_list":["post-14699","post","type-post","status-publish","format-standard","has-post-thumbnail","hentry","category-economia","category-politica","tag-8-milones-de-sueldo","tag-aumento","tag-sueldo-senadores"],"_links":{"self":[{"href":"https:\/\/www.visionweb.com.ar\/index.php?rest_route=\/wp\/v2\/posts\/14699","targetHints":{"allow":["GET"]}}],"collection":[{"href":"https:\/\/www.visionweb.com.ar\/index.php?rest_route=\/wp\/v2\/posts"}],"about":[{"href":"https:\/\/www.visionweb.com.ar\/index.php?rest_route=\/wp\/v2\/types\/post"}],"author":[{"embeddable":true,"href":"https:\/\/www.visionweb.com.ar\/index.php?rest_route=\/wp\/v2\/users\/4"}],"replies":[{"embeddable":true,"href":"https:\/\/www.visionweb.com.ar\/index.php?rest_route=%2Fwp%2Fv2%2Fcomments&post=14699"}],"version-history":[{"count":1,"href":"https:\/\/www.visionweb.com.ar\/index.php?rest_route=\/wp\/v2\/posts\/14699\/revisions"}],"predecessor-version":[{"id":14700,"href":"https:\/\/www.visionweb.com.ar\/index.php?rest_route=\/wp\/v2\/posts\/14699\/revisions\/14700"}],"wp:featuredmedia":[{"embeddable":true,"href":"https:\/\/www.visionweb.com.ar\/index.php?rest_route=\/wp\/v2\/media\/1797"}],"wp:attachment":[{"href":"https:\/\/www.visionweb.com.ar\/index.php?rest_route=%2Fwp%2Fv2%2Fmedia&parent=14699"}],"wp:term":[{"taxonomy":"category","embeddable":true,"href":"https:\/\/www.visionweb.com.ar\/index.php?rest_route=%2Fwp%2Fv2%2Fcategories&post=14699"},{"taxonomy":"post_tag","embeddable":true,"href":"https:\/\/www.visionweb.com.ar\/index.php?rest_route=%2Fwp%2Fv2%2Ftags&post=14699"}],"curies":[{"name":"wp","href":"https:\/\/api.w.org\/{rel}","templated":true}]}}