{"id":14694,"date":"2024-05-29T07:49:09","date_gmt":"2024-05-29T10:49:09","guid":{"rendered":"https:\/\/www.visionweb.com.ar\/?p=14694"},"modified":"2024-05-29T07:49:09","modified_gmt":"2024-05-29T10:49:09","slug":"los-gremios-de-docentes-universitarios-definieron-un-paro","status":"publish","type":"post","link":"https:\/\/www.visionweb.com.ar\/?p=14694","title":{"rendered":"Los gremios de docentes universitarios definieron un paro"},"content":{"rendered":"<p><em><strong>Los docentes y los trabajadores, que la semana pasada rechazaron la propuesta salarial, fueron recibidos hoy por el Gobierno sin oferta superadora. La medida de fuerza es para el martes y el mi\u00e9rcoles.<\/strong><\/em><!--more--><\/p>\n<p><img loading=\"lazy\" decoding=\"async\" class=\"size-full wp-image-6878 alignright\" src=\"https:\/\/www.visionweb.com.ar\/wp-content\/uploads\/2022\/08\/conadu-docentes-universitarios.bmp\" alt=\"\" width=\"480\" height=\"441\" \/>Los gremios universitarios -docentes y trabajadores-, que la semana pasada hab\u00edan rechazado la propuesta salarial que les hizo el Gobierno nacional,\u00a0<strong>definieron este martes realizar un paro nacional de 48 horas la semana que viene, tras una reuni\u00f3n que tuvo lugar este martes, porque el Ejecutivo no mejorara su oferta<\/strong>.<\/p>\n<p>\u201cRetomando el cuarto intermedio tras la reuni\u00f3n de la semana pasada en la que el Frente Sindical rechaz\u00f3 la insuficiente propuesta salarial del Gobierno, en el d\u00eda de hoy se realiz\u00f3 una nueva paritaria con la ministra de Capital Humano Sandra Pettovello y el subsecretario de Pol\u00edticas Universitarias, en la cual los representantes del Ejecutivo no realizaron ninguna propuesta salarial\u201d, se consign\u00f3 en un comunicado.<\/p>\n<p>As\u00ed,\u00a0<strong>el Frente Sindical Universitario defini\u00f3 realizar una medida de fuerza de 48 horas para los d\u00edas martes 4 y mi\u00e9rcoles 5 de junio<\/strong>. A su vez, ma\u00f1ana mi\u00e9rcoles se reunir\u00e1 el Plenario de Secretarios Generales de la Federaci\u00f3n \u201cpara evaluar c\u00f3mo contin\u00faa el plan de lucha, ya que el conflicto universitario sigue abierto\u201d.<\/p>\n<p>\u201cNo hay soluci\u00f3n a la crisis presupuestaria de las universidades si no se resuelve la demanda salarial. Las universidades funcionan con el trabajo de sus docentes y no docentes.\u00a0<strong>La universidad no puede sostenerse con salarios de pobreza.\u00a0<\/strong>#SomosLaUniversidadP\u00fablica\u201d, concluye el comunicado publicado esta noche los gremios.<\/p>\n<h3 class=\"wp-block-heading\">El Gobierno recibi\u00f3 a los rectores universitarios<\/h3>\n<p>En tanto, el lunes el secretario de Educaci\u00f3n de la Naci\u00f3n, Carlos Torrendell, recibi\u00f3 a las autoridades del Consejo Interuniversitario Nacional (CIN), el organismo que nuclea a los rectores de las universidades nacionales. En ese encuentro, el Gobierno nacional ofreci\u00f3 a las universidades p\u00fablicas un aumento del 270% en los gastos de funcionamiento, tal como lo hab\u00eda acordado ya con la Universidad de Buenos Aires. Hoy martes era el turno de los trabajadores<strong>(VW)<\/strong>.<\/p>\n","protected":false},"excerpt":{"rendered":"<p>Los docentes y los trabajadores, que la semana pasada rechazaron la propuesta salarial, fueron recibidos hoy por el Gobierno sin oferta superadora. La medida de fuerza es para el martes y el mi\u00e9rcoles.<\/p>\n","protected":false},"author":3,"featured_media":6878,"comment_status":"closed","ping_status":"closed","sticky":false,"template":"","format":"standard","meta":{"_monsterinsights_skip_tracking":false,"_monsterinsights_sitenote_active":false,"_monsterinsights_sitenote_note":"","_monsterinsights_sitenote_category":0,"footnotes":""},"categories":[7,4],"tags":[2183,252,6034],"class_list":["post-14694","post","type-post","status-publish","format-standard","has-post-thumbnail","hentry","category-educacion-y-cultura","category-politica","tag-paritaria","tag-paro","tag-universitarios"],"_links":{"self":[{"href":"https:\/\/www.visionweb.com.ar\/index.php?rest_route=\/wp\/v2\/posts\/14694","targetHints":{"allow":["GET"]}}],"collection":[{"href":"https:\/\/www.visionweb.com.ar\/index.php?rest_route=\/wp\/v2\/posts"}],"about":[{"href":"https:\/\/www.visionweb.com.ar\/index.php?rest_route=\/wp\/v2\/types\/post"}],"author":[{"embeddable":true,"href":"https:\/\/www.visionweb.com.ar\/index.php?rest_route=\/wp\/v2\/users\/3"}],"replies":[{"embeddable":true,"href":"https:\/\/www.visionweb.com.ar\/index.php?rest_route=%2Fwp%2Fv2%2Fcomments&post=14694"}],"version-history":[{"count":1,"href":"https:\/\/www.visionweb.com.ar\/index.php?rest_route=\/wp\/v2\/posts\/14694\/revisions"}],"predecessor-version":[{"id":14695,"href":"https:\/\/www.visionweb.com.ar\/index.php?rest_route=\/wp\/v2\/posts\/14694\/revisions\/14695"}],"wp:featuredmedia":[{"embeddable":true,"href":"https:\/\/www.visionweb.com.ar\/index.php?rest_route=\/wp\/v2\/media\/6878"}],"wp:attachment":[{"href":"https:\/\/www.visionweb.com.ar\/index.php?rest_route=%2Fwp%2Fv2%2Fmedia&parent=14694"}],"wp:term":[{"taxonomy":"category","embeddable":true,"href":"https:\/\/www.visionweb.com.ar\/index.php?rest_route=%2Fwp%2Fv2%2Fcategories&post=14694"},{"taxonomy":"post_tag","embeddable":true,"href":"https:\/\/www.visionweb.com.ar\/index.php?rest_route=%2Fwp%2Fv2%2Ftags&post=14694"}],"curies":[{"name":"wp","href":"https:\/\/api.w.org\/{rel}","templated":true}]}}