{"id":14691,"date":"2024-05-29T07:35:38","date_gmt":"2024-05-29T10:35:38","guid":{"rendered":"https:\/\/www.visionweb.com.ar\/?p=14691"},"modified":"2024-05-29T07:35:38","modified_gmt":"2024-05-29T10:35:38","slug":"internas-del-pro-fuerte-critica-al-armado-de-un-bloque-con-lla","status":"publish","type":"post","link":"https:\/\/www.visionweb.com.ar\/?p=14691","title":{"rendered":"Internas del PRO: Fuerte cr\u00edtica al armado de un bloque con LLA"},"content":{"rendered":"<p><em><strong>\u00abE<\/strong><strong>ntraron por el PRO y teniendo cargos formales en el partido, dicen que son del PRO pero que se van\u00bb, cuestionaron desde el espacio liderado por Mauricio Macri.<\/strong><\/em><!--more--><\/p>\n<div id=\"attachment_14692\" style=\"width: 310px\" class=\"wp-caption alignright\"><img loading=\"lazy\" decoding=\"async\" aria-describedby=\"caption-attachment-14692\" class=\"wp-image-14692 size-medium\" src=\"https:\/\/www.visionweb.com.ar\/wp-content\/uploads\/2024\/05\/BULLRICH-MACRI-300x200.png\" alt=\"\" width=\"300\" height=\"200\" srcset=\"https:\/\/www.visionweb.com.ar\/wp-content\/uploads\/2024\/05\/BULLRICH-MACRI-300x200.png 300w, https:\/\/www.visionweb.com.ar\/wp-content\/uploads\/2024\/05\/BULLRICH-MACRI.png 640w\" sizes=\"auto, (max-width: 300px) 100vw, 300px\" \/><p id=\"caption-attachment-14692\" class=\"wp-caption-text\"><em><strong>Patricia Bullrich y Mauricio Macrio en tiempos en que se daban un apoyo mutuo (Archivo)<\/strong><\/em><\/p><\/div>\n<p>La interna del PRO se reclent\u00f3 por pelea entre Mauricio Macri y Patricia Bullrich y encontr\u00f3 su caja de resonancia en la provincia de Buenos Aires, donde un grupo de legisladores anunciaron la conformaci\u00f3n del bloque PRO Libertad, diferenci\u00e1ndose del espacio y aline\u00e1ndose con los libertarios, seg\u00fan se inform\u00f3 www.visionweb en la v\u00edspera.<\/p>\n<p>El diputado nacional del PRO Mart\u00edn Yeza cruz\u00f3 el anuncio. \u201cUn grupo de legisladores entraron por el Pro y teniendo cargos formales en el Pro dicen que son del Pro pero que se van del Pro\u201d. \u201cHagan lo que quieran, tal como hicieron hasta ahora, que un grupo de \u00b4giles\u00b4 nos vamos a dedicar a reconstruir lo que ustedes los \u00b4vivos\u00b4 destruyeron\u201d, agrega.<\/p>\n<p>La diputada bonaerense Florencia Retamoso, una de las que integra este nuevo bloque en la C\u00e1mara de Diputados bonaerense, no tard\u00f3 en responder: \u201cAc\u00e1 estamos los que llevamos las banderas del pro en octubre representando el cambio , seremos tan vivos porque te llevamos como diputado nacional , besitos\u201d.<\/p>\n<p>En las \u00faltimas horas, el diputado nacional Cristian Ritondo, uno de los perfiles m\u00e1s altos del PRO y espada de Macri, apunt\u00f3 contra Bullrich: \u201cAquellos que creen que el PRO tiene que ser de La Libertad Avanza que se vayan a La Libertad Avanza\u201d, pidi\u00f3.<\/p>\n<p>Ritondo es a quien Macri quiere como presidente del PRO de Buenos Aires, cargo que hoy ocupa Daniel Reich, senadora que integra el nuevo bloque.<\/p>\n<p>Hace poco m\u00e1s de 10 d\u00edas, Macri tom\u00f3 oficialmente el control del PRO y fue electo como su presidente, en su intento por mantener el equilibrio interno, y desplaz\u00f3 a Bullrich. El ex mandatario nacional no quiere una fusi\u00f3n total con el oficialismo, ya que entiende que no tienen la misma identidad partidaria con los libertarios.(VW)<\/p>\n","protected":false},"excerpt":{"rendered":"<p>\u00abEntraron por el PRO y teniendo cargos formales en el partido, dicen que son del PRO pero que se van\u00bb, cuestionaron desde el espacio liderado por Mauricio Macri.<\/p>\n","protected":false},"author":3,"featured_media":14692,"comment_status":"closed","ping_status":"closed","sticky":false,"template":"","format":"standard","meta":{"_monsterinsights_skip_tracking":false,"_monsterinsights_sitenote_active":false,"_monsterinsights_sitenote_note":"","_monsterinsights_sitenote_category":0,"footnotes":""},"categories":[4],"tags":[2301,5187,545],"class_list":["post-14691","post","type-post","status-publish","format-standard","has-post-thumbnail","hentry","category-politica","tag-diputados-bonaerenses","tag-lla","tag-pro"],"_links":{"self":[{"href":"https:\/\/www.visionweb.com.ar\/index.php?rest_route=\/wp\/v2\/posts\/14691","targetHints":{"allow":["GET"]}}],"collection":[{"href":"https:\/\/www.visionweb.com.ar\/index.php?rest_route=\/wp\/v2\/posts"}],"about":[{"href":"https:\/\/www.visionweb.com.ar\/index.php?rest_route=\/wp\/v2\/types\/post"}],"author":[{"embeddable":true,"href":"https:\/\/www.visionweb.com.ar\/index.php?rest_route=\/wp\/v2\/users\/3"}],"replies":[{"embeddable":true,"href":"https:\/\/www.visionweb.com.ar\/index.php?rest_route=%2Fwp%2Fv2%2Fcomments&post=14691"}],"version-history":[{"count":1,"href":"https:\/\/www.visionweb.com.ar\/index.php?rest_route=\/wp\/v2\/posts\/14691\/revisions"}],"predecessor-version":[{"id":14693,"href":"https:\/\/www.visionweb.com.ar\/index.php?rest_route=\/wp\/v2\/posts\/14691\/revisions\/14693"}],"wp:featuredmedia":[{"embeddable":true,"href":"https:\/\/www.visionweb.com.ar\/index.php?rest_route=\/wp\/v2\/media\/14692"}],"wp:attachment":[{"href":"https:\/\/www.visionweb.com.ar\/index.php?rest_route=%2Fwp%2Fv2%2Fmedia&parent=14691"}],"wp:term":[{"taxonomy":"category","embeddable":true,"href":"https:\/\/www.visionweb.com.ar\/index.php?rest_route=%2Fwp%2Fv2%2Fcategories&post=14691"},{"taxonomy":"post_tag","embeddable":true,"href":"https:\/\/www.visionweb.com.ar\/index.php?rest_route=%2Fwp%2Fv2%2Ftags&post=14691"}],"curies":[{"name":"wp","href":"https:\/\/api.w.org\/{rel}","templated":true}]}}