{"id":14672,"date":"2024-05-27T12:05:50","date_gmt":"2024-05-27T15:05:50","guid":{"rendered":"https:\/\/www.visionweb.com.ar\/?p=14672"},"modified":"2024-05-27T12:07:47","modified_gmt":"2024-05-27T15:07:47","slug":"la-cartera-de-produccion-bonaerense-convoca-a-pymes-a-una-ronda-de-negocios","status":"publish","type":"post","link":"https:\/\/www.visionweb.com.ar\/?p=14672","title":{"rendered":"La cartera de Producci\u00f3n bonaerense convoca a PyMes para una ronda de negocios"},"content":{"rendered":"<p><em><strong>Ser\u00e1 de car\u00e1cter internacional en La Plata con la participaci\u00f3n de importadores del bloque Mercosur, de Chile y d Colombia.El encuentro ser\u00e1 el 25 y 26 de junio.<\/strong><\/em><!--more--><\/p>\n<p><img loading=\"lazy\" decoding=\"async\" class=\"size-medium wp-image-14673 alignright\" src=\"https:\/\/www.visionweb.com.ar\/wp-content\/uploads\/2024\/05\/CONVOCATORIA-PYME-298x300.png\" alt=\"\" width=\"298\" height=\"300\" srcset=\"https:\/\/www.visionweb.com.ar\/wp-content\/uploads\/2024\/05\/CONVOCATORIA-PYME-298x300.png 298w, https:\/\/www.visionweb.com.ar\/wp-content\/uploads\/2024\/05\/CONVOCATORIA-PYME-150x150.png 150w, https:\/\/www.visionweb.com.ar\/wp-content\/uploads\/2024\/05\/CONVOCATORIA-PYME-80x80.png 80w, https:\/\/www.visionweb.com.ar\/wp-content\/uploads\/2024\/05\/CONVOCATORIA-PYME-65x65.png 65w, https:\/\/www.visionweb.com.ar\/wp-content\/uploads\/2024\/05\/CONVOCATORIA-PYME.png 480w\" sizes=\"auto, (max-width: 298px) 100vw, 298px\" \/>Con el objeto de potenciar las exportaciones de las empresas pymes bonaerenses, el ministerio de Producci\u00f3n, Ciencia e Innovaci\u00f3n Tecnol\u00f3gica de la Provincia, realizar\u00e1 una Ronda Internacional de negocios el 25 y el 26 de junio en el Teatro Argentino de Las Plata.<\/p>\n<p>En ese sentido, la cartera que conduce Augusto Costa, arm\u00f3 una ronde de negocios con importadores de con importadores de alimentos de Brasil, Bolivia, Chile, Colombia, Paraguay y Uruguay, que llegar\u00e1n a La Plata con intenciones de ampliar su cartera de clientes dentro del rubro alimentaci\u00f3n.<\/p>\n<p>Las empresas que exportan en forma peri\u00f3dica que aspiran a concretar nuevos negocios deber\u00e1n inscribirse para solicitar su agenda de entrevistas con operadores de compra, cadenas de comercializaci\u00f3n, supermercadistas e importadores que viajar\u00e1n a La Plata invitados por el Gobierno se la Provincia.<\/p>\n<p>La convocatoria, realizada a trav\u00e9s de la Subsecretar\u00eda de Comercio e Inversiones provincial, est\u00e1 dirigida a empresas bonaerenses de alimentos congelados, alimentos saludables (cereales, granolas, sin TACC, frutos secos, etc.), bebidas alcoh\u00f3licas (gin, vino, cerveza, etc), condimentos, aderezos, salsas, confiter\u00eda, golosinas, chocolates, quesos, yogures, postres, leches y otros productos l\u00e1cteos; embutidos, fiambres, mermeladas, jaleas, miel y panificados.<\/p>\n<p>La actividad no tiene costo alguno de participaci\u00f3n para las pymes bonaerenses, pero s\u00ed requiere de una instancia previa de an\u00e1lisis y armonizaci\u00f3n de intereses entre oferta y demanda de los productos, para lo cual es indispensable que los interesados formalicen el tr\u00e1mite de inscripci\u00f3n a la brevedad, completando el siguiente formulario:\u00a0<a href=\"https:\/\/forms.gle\/Li1kCpeFuQ4dN84M6\" target=\"_blank\" rel=\"noopener noreferrer\">https:\/\/forms.gle\/Li1kCpeFuQ4dN84M6<\/a>. Por consultas, se puede contactar al correo electr\u00f3nico\u00a0<a href=\"mailto:inversionycomex.pba@gmail.com\" target=\"_blank\" rel=\"noopener noreferrer\">inversionycomex.pba@gmail.com<\/a>.<\/p>\n<p>El programa de la comitiva empresaria visitante incluye, adem\u00e1s de las dos jornadas de entrevistas en el Teatro Argentino, una visita a distintos puntos de inter\u00e9s estrat\u00e9gicos para la comercializaci\u00f3n internacional en la regi\u00f3n capital, como el Puerto de La Plata, la Zona Franca, el Parque Industrial, el Cord\u00f3n Frutihort\u00edcola y un establecimiento industrial.<\/p>\n<p>El Ministerio de Producci\u00f3n, Ciencia e Innovaci\u00f3n Tecnol\u00f3gica de la provincia de Buenos Aires trabaja en la selecci\u00f3n de los mejores importadores y comercializadores del exterior.<\/p>\n<p>Tambi\u00e9n en la recepci\u00f3n de formularios de inscripci\u00f3n de las empresas de todo el territorio provincial que tengan inter\u00e9s de participar de la Ronda de Negocios, a las que les facilitar\u00e1 la informaci\u00f3n necesaria y el apoyo previo y durante la realizaci\u00f3n del encuentro, para una participaci\u00f3n eficaz.<\/p>\n<p>Esta actividad de promoci\u00f3n comercial busca facilitar a las pymes bonaerenses una alternativa de acceso a los mercados regionales acercando hasta la Capital Provincial a empresas importadoras y operadores del comercio exterior<strong>(VW)<\/strong>.<\/p>\n<p>&nbsp;<\/p>\n<p>&nbsp;<\/p>\n","protected":false},"excerpt":{"rendered":"<p>Ser\u00e1 de car\u00e1cter internacional en La Plata con la participaci\u00f3n de importadores del bloque Mercosur, de Chile y d Colombia.El encuentro ser\u00e1 el 25 y 26 de junio.<\/p>\n","protected":false},"author":3,"featured_media":14673,"comment_status":"closed","ping_status":"closed","sticky":false,"template":"","format":"standard","meta":{"_monsterinsights_skip_tracking":false,"_monsterinsights_sitenote_active":false,"_monsterinsights_sitenote_note":"","_monsterinsights_sitenote_category":0,"footnotes":""},"categories":[3,749],"tags":[111,6143,6144,3772,33],"class_list":["post-14672","post","type-post","status-publish","format-standard","has-post-thumbnail","hentry","category-actualidad","category-pymes","tag-alimentos","tag-exportadores","tag-importadores","tag-jornadas","tag-produccion"],"_links":{"self":[{"href":"https:\/\/www.visionweb.com.ar\/index.php?rest_route=\/wp\/v2\/posts\/14672","targetHints":{"allow":["GET"]}}],"collection":[{"href":"https:\/\/www.visionweb.com.ar\/index.php?rest_route=\/wp\/v2\/posts"}],"about":[{"href":"https:\/\/www.visionweb.com.ar\/index.php?rest_route=\/wp\/v2\/types\/post"}],"author":[{"embeddable":true,"href":"https:\/\/www.visionweb.com.ar\/index.php?rest_route=\/wp\/v2\/users\/3"}],"replies":[{"embeddable":true,"href":"https:\/\/www.visionweb.com.ar\/index.php?rest_route=%2Fwp%2Fv2%2Fcomments&post=14672"}],"version-history":[{"count":3,"href":"https:\/\/www.visionweb.com.ar\/index.php?rest_route=\/wp\/v2\/posts\/14672\/revisions"}],"predecessor-version":[{"id":14676,"href":"https:\/\/www.visionweb.com.ar\/index.php?rest_route=\/wp\/v2\/posts\/14672\/revisions\/14676"}],"wp:featuredmedia":[{"embeddable":true,"href":"https:\/\/www.visionweb.com.ar\/index.php?rest_route=\/wp\/v2\/media\/14673"}],"wp:attachment":[{"href":"https:\/\/www.visionweb.com.ar\/index.php?rest_route=%2Fwp%2Fv2%2Fmedia&parent=14672"}],"wp:term":[{"taxonomy":"category","embeddable":true,"href":"https:\/\/www.visionweb.com.ar\/index.php?rest_route=%2Fwp%2Fv2%2Fcategories&post=14672"},{"taxonomy":"post_tag","embeddable":true,"href":"https:\/\/www.visionweb.com.ar\/index.php?rest_route=%2Fwp%2Fv2%2Ftags&post=14672"}],"curies":[{"name":"wp","href":"https:\/\/api.w.org\/{rel}","templated":true}]}}