{"id":14654,"date":"2024-05-25T11:09:03","date_gmt":"2024-05-25T14:09:03","guid":{"rendered":"https:\/\/www.visionweb.com.ar\/?p=14654"},"modified":"2024-05-25T11:12:39","modified_gmt":"2024-05-25T14:12:39","slug":"el-arsobispo-de-buenos-aires-garcia-cuerva-pisio-acompanar-el-esfuerzo-de-la-gente","status":"publish","type":"post","link":"https:\/\/www.visionweb.com.ar\/?p=14654","title":{"rendered":"El Arzobispo de Buenos Aires, Garc\u00eda Cuerva pidi\u00f3 \u00abacompa\u00f1ar el esfuerzo de la gente\u00bb"},"content":{"rendered":"<p><em><strong>Lo hizo durante el Te Deum en conmemoraci\u00f3n del 214\u00ba Aniversario de la Revoluci\u00f3n de Mayo al recibir al presidente<\/strong> <b>de la Naci\u00f3n, Javier Milei. El\u00a0 prelado critic\u00f3 los auto aumentos \u00a0de legisladores y pidi\u00f3 por los jubilados y los que menos ttienen.<\/b><\/em><!--more--><\/p>\n<div id=\"attachment_14655\" style=\"width: 310px\" class=\"wp-caption alignright\"><img loading=\"lazy\" decoding=\"async\" aria-describedby=\"caption-attachment-14655\" class=\"wp-image-14655 size-medium\" src=\"https:\/\/www.visionweb.com.ar\/wp-content\/uploads\/2024\/05\/ARZOBISPO-DE-BUENOS-AIRES-300x169.png\" alt=\"\" width=\"300\" height=\"169\" srcset=\"https:\/\/www.visionweb.com.ar\/wp-content\/uploads\/2024\/05\/ARZOBISPO-DE-BUENOS-AIRES-300x169.png 300w, https:\/\/www.visionweb.com.ar\/wp-content\/uploads\/2024\/05\/ARZOBISPO-DE-BUENOS-AIRES-1024x575.png 1024w, https:\/\/www.visionweb.com.ar\/wp-content\/uploads\/2024\/05\/ARZOBISPO-DE-BUENOS-AIRES-768x431.png 768w, https:\/\/www.visionweb.com.ar\/wp-content\/uploads\/2024\/05\/ARZOBISPO-DE-BUENOS-AIRES.png 1280w\" sizes=\"auto, (max-width: 300px) 100vw, 300px\" \/><p id=\"caption-attachment-14655\" class=\"wp-caption-text\"><em><strong>El arzobispo de Buenos Aires, Cardenal Jorge I. Garc\u00eda Cuerva, lee la homil\u00eda en la que reclam\u00f3 justicia para los que menos tienen (Foto: Agencias) <\/strong><\/em><\/p><\/div>\n<p>En el tradicional Tedeum que se realizo esta ma\u00f1ana, en conmemoraci\u00f3n a la Revoluci\u00f3n de Mayo, el arzobispo de Buenos Aires, Jorge\u00a0 Garc\u00eda Cuerva, pidi\u00f3 en su homil\u00eda, frente al Presidente Javier Milei, salir de la \u201cpar\u00e1lisis\u00bb que impide \u201cser solidarios con los que menos tienen\u201d.<\/p>\n<p>El primer mandatario lleg\u00f3 acompa\u00f1ado a la catedral metropolitana por la vicepresidenta, Victoria Villarruel, su hermana Karina Milei y todo el gabinete nacional.<\/p>\n<p><strong>\u00abHoy nos ponemos delante de Dios como naci\u00f3n y le pedimos que nos cure, porque parecemos tener las manos paralizadas para el encuentro que construye fraternidad, las manos paralizadas para abrazar a los heridos por la soledad y la tristeza, las manos paralizadas para ser solidarios con los que menos tienen. Y le pedimos a Dios que nos preserve de las manos manchadas de sangre por el narcotr\u00e1fico, de las manos sucias de la corrupci\u00f3n y la coima, de las manos en el bolsillo del ego\u00edsmo y la indiferencia\u00bb<\/strong>, sostuvo el cardenal primado de la Argentina.<\/p>\n<p>El purpurado, antes de comenzar su homil\u00eda aclar\u00f3 que sus palabras pueden ser tomadas en forma aislada y hasta pueden ser irientes, luego de leer el Evangelio de Sanmarcos en el que recuerda Jes\u00fas en el templo, parado junto a un hombre que ten\u00eda una mano paralizada<\/p>\n<p>\u201cSabemos \u00a0que hay par\u00e1lisis que no se pueden procrastinar, su postergaci\u00f3n en nombre de un futuro prometedor generar\u00edan consecuencias nefastas por irreversibles en la vida de las personas y por lo tanto de toda la sociedad\u201d, dijo Garc\u00eda Cuerva.<\/p>\n<p>Subray\u00f3 que la gente \u00abest\u00e1 haciendo un esfuerzo muy grande\u00bb y remarc\u00f3 que la dirigencia debe \u00abacompa\u00f1ar con hecho y no s\u00f3lo con palabras\u00bb. Se\u00f1al\u00f3 que la mirada de Jes\u00fas \u00abalerta sobre la insensibilidad con los m\u00e1s desprotegidos, reclama mayor compromiso y cercan\u00eda con los que sufren\u00bb.<\/p>\n<p>Entre los \u201cejemplos impostergables\u201d el arzobispo enumer\u00f3: \u00abla malnutrici\u00f3n en la primera infancia, la falta de escolarizaci\u00f3n y accesibilidad a los servicios de salud, los ancianos y jubilados incapaces de sostenerse diariamente con un m\u00ednimo de dignidad\u00bb.<\/p>\n<p>Garc\u00eda Cuerva, pidi\u00f3 tambi\u00e9n \u00abeliminar la doble vara\u00bb a la hora de juzgar a la pol\u00edtica y remarc\u00f3: <strong>\u00abNo es lo mismo unirse que confabular; no es lo mismo fraternizar y forjar la cultura del acuerdo que ser c\u00f3mplice del mal con el s\u00f3lo \u00e1nimo de destruir al otro, de pensar estrategias para que al otro le vaya mal, creyendo que cuanto peor, mejor\u00bb.<\/strong><\/p>\n<p>Ante el presidente y todo el gabinete nacional, el arzobispo tambi\u00e9n pidi\u00f3 que Dios preserve a la Argentina de \u201cde las manos manchadas de sangre por el narcotr\u00e1fico, de las manos sucias de la corrupci\u00f3n y de la coima, de las manos en el bolsillo del ego\u00edsmo y de la indiferencia\u201d<strong>(VW)<\/strong>.<\/p>\n<p>&nbsp;<\/p>\n<p>&nbsp;<\/p>\n","protected":false},"excerpt":{"rendered":"<p>Lo hizo durante el Te Deum en conmemoraci\u00f3n del 214\u00ba Aniversario de la Revoluci\u00f3n de Mayo al recibir al presidente de la Naci\u00f3n, Javier Milei. El\u00a0 prelado critic\u00f3 los auto aumentos \u00a0de legisladores y&#46;&#46;&#46;<\/p>\n","protected":false},"author":3,"featured_media":14655,"comment_status":"closed","ping_status":"closed","sticky":false,"template":"","format":"standard","meta":{"_monsterinsights_skip_tracking":false,"_monsterinsights_sitenote_active":false,"_monsterinsights_sitenote_note":"","_monsterinsights_sitenote_category":0,"footnotes":""},"categories":[4],"tags":[569,6137,4502,6136],"class_list":["post-14654","post","type-post","status-publish","format-standard","has-post-thumbnail","hentry","category-politica","tag-jubilados","tag-manos","tag-patria","tag-tedeun"],"_links":{"self":[{"href":"https:\/\/www.visionweb.com.ar\/index.php?rest_route=\/wp\/v2\/posts\/14654","targetHints":{"allow":["GET"]}}],"collection":[{"href":"https:\/\/www.visionweb.com.ar\/index.php?rest_route=\/wp\/v2\/posts"}],"about":[{"href":"https:\/\/www.visionweb.com.ar\/index.php?rest_route=\/wp\/v2\/types\/post"}],"author":[{"embeddable":true,"href":"https:\/\/www.visionweb.com.ar\/index.php?rest_route=\/wp\/v2\/users\/3"}],"replies":[{"embeddable":true,"href":"https:\/\/www.visionweb.com.ar\/index.php?rest_route=%2Fwp%2Fv2%2Fcomments&post=14654"}],"version-history":[{"count":3,"href":"https:\/\/www.visionweb.com.ar\/index.php?rest_route=\/wp\/v2\/posts\/14654\/revisions"}],"predecessor-version":[{"id":14658,"href":"https:\/\/www.visionweb.com.ar\/index.php?rest_route=\/wp\/v2\/posts\/14654\/revisions\/14658"}],"wp:featuredmedia":[{"embeddable":true,"href":"https:\/\/www.visionweb.com.ar\/index.php?rest_route=\/wp\/v2\/media\/14655"}],"wp:attachment":[{"href":"https:\/\/www.visionweb.com.ar\/index.php?rest_route=%2Fwp%2Fv2%2Fmedia&parent=14654"}],"wp:term":[{"taxonomy":"category","embeddable":true,"href":"https:\/\/www.visionweb.com.ar\/index.php?rest_route=%2Fwp%2Fv2%2Fcategories&post=14654"},{"taxonomy":"post_tag","embeddable":true,"href":"https:\/\/www.visionweb.com.ar\/index.php?rest_route=%2Fwp%2Fv2%2Ftags&post=14654"}],"curies":[{"name":"wp","href":"https:\/\/api.w.org\/{rel}","templated":true}]}}