{"id":14651,"date":"2024-05-24T15:29:42","date_gmt":"2024-05-24T18:29:42","guid":{"rendered":"https:\/\/www.visionweb.com.ar\/?p=14651"},"modified":"2024-05-24T15:29:42","modified_gmt":"2024-05-24T18:29:42","slug":"celebraciones-por-el-25-de-mayo-en-lanus","status":"publish","type":"post","link":"https:\/\/www.visionweb.com.ar\/?p=14651","title":{"rendered":"Celebraciones por el\u00a025 de Mayo en Lan\u00fas"},"content":{"rendered":"<p><em><strong>Son varias las actividades que se realizar\u00e1n en conmemoraci\u00f3n durante el fin de semana Patrio, en el Centro Cultural Leonardo Favio, como a la vez en la plaza Mariano Moreno de Remedios de Escalada. Tambi\u00e9n habr\u00e1 una ceremonia interreligiosa en la\u00a0Parroquia Nuestra Se\u00f1ora de los Remedios.<\/strong><\/em><!--more--><\/p>\n<p><strong> <img loading=\"lazy\" decoding=\"async\" class=\"size-full wp-image-14652 alignright\" src=\"https:\/\/www.visionweb.com.ar\/wp-content\/uploads\/2024\/05\/25-mayo-lanus.png\" alt=\"\" width=\"224\" height=\"244\" \/> E<\/strong>ste a\u00f1o se<strong> celebra el 214\u00b0 aniversario del proceso revolucionario <\/strong>que dar\u00eda el primer gran paso para el surgimiento del Estado argentino, por eso en la conmemoraci\u00f3n de la<strong>\u00a0Revoluci\u00f3n de Mayo\u00a0se recuerda la formaci\u00f3n del\u00a0Primer Gobierno Patrio, <\/strong>a partir de la destituci\u00f3n del virrey espa\u00f1ol, y el inicio del<strong>\u00a0camino hacia la independencia.<\/strong><\/p>\n<p><strong>Aquel\u00a025 de mayo de 1810\u00a0una multitud se reuni\u00f3 en la\u00a0Plaza de Mayo\u00a0para celebrar la defensa de la soberan\u00eda popular y alumbrar la idea de ser libre e independiente, protagonista y art\u00edfice de su propio destino.<\/strong><\/p>\n<p><strong>\u00a0En ese marco, el Centro Cultural Leonardo Favio <\/strong>(Av. 25 de Mayo 131)<strong> ser\u00e1 el epicentro de los festejos en Lan\u00fas, <\/strong>con un nutrido cronograma de actividades.<\/p>\n<p>\u201cTe esperamos\u00a0<strong>el s\u00e1bado 25 de mayo, de 12:00 a 19:00<\/strong>, en el Centro Cultural Leonardo Favio\u201d, convoca en las redes sociales el Municipio que dirige Juli\u00e1n \u00c1lvarez.<\/p>\n<p>Est\u00e1n citados al evento, el payador Juan Alberto Lalanne, el d\u00fao folkl\u00f3rico Flor y Truco, clase abierta de Zamba con Andrea G\u00e9rez, el d\u00fao folkl\u00f3rico Los Comechingones y el Ballet Folkl\u00f3rico Municipal de Lan\u00fas.<\/p>\n<p>Tambi\u00e9n ser\u00e1 de la partida el grupo folkl\u00f3rico Urbano, habr\u00e1 una muestra de la Escuela Municipal de Lan\u00fas con Soledad Curiale, otra muestra de danzas con Fernanda Spadafino, pero tambi\u00e9n forma parte de la jornada el grupo folkl\u00f3rico Sancha Changos, la agrupaci\u00f3n Santa Mar\u00eda y el ballet de la compa\u00f1\u00eda La Barbarie.<\/p>\n<p>A la vez, en la <strong>Plaza Mariano Moreno<\/strong> se realizar\u00e1n eventos durante todo el fin de semana:<\/p>\n<p>\u201cDesde el\u00a0<strong>25 al 28 de mayo<\/strong>, te invitamos a festejar juntos el D\u00eda de la Patria.\u00a0<strong>Te esperamos en la Plaza Mariano Moreno (Av. H. Yrigoyen 6200)<\/strong>\u00a0con: Feria de Foodtrucks y plantas, Danzas y shows folkl\u00f3ricos, Cocina en Vivo, y mucho m\u00e1s\u201d, reza la invitaci\u00f3n del\u00a0<a href=\"https:\/\/twitter.com\/lanusmunicipio\">Municipio<\/a>.<\/p>\n<p>El cronograma de actividades:<\/p>\n<p>El viernes, a las 17 llega el show de Leandro \u201cMedio Rejunte\u201d, Los Comechingones y Folklore Urbano.<\/p>\n<p>El s\u00e1bado contin\u00faan los foodtrucks y a las 17 llega el show: se presentan Danzas Folkl\u00f3ricas, Ballet Ra\u00edces Blancas, Ballet de alumnos de talleres de la Casa de la Cultura, Ballet Folkl\u00f3rico de la Casa de la Cultura.<\/p>\n<p>El domingo a las 17 se realizar\u00e1 una chocolatada caliente con churros de los ex combatientes de Malvinas.<\/p>\n<p><strong>Ceremonia interreligiosa:<\/strong><\/p>\n<p>El\u00a0obispo de Avellaneda-Lan\u00fas, Marcelo Maxi Margni presidir\u00e1 el\u00a0<strong>tedeum interreligioso\u00a0que se desarrollar\u00e1 en la\u00a0Parroquia Nuestra Se\u00f1ora de los Remedios<\/strong>, Avenida Rosales 1042, Remedios de Escalada a las 10 de la ma\u00f1ana.<\/p>\n<p>En el oficio religioso tambi\u00e9n participar\u00e1n pastores de iglesias evang\u00e9licas bautistas y pentecostales, representantes de la Iglesia de los Santos de los \u00faltimos d\u00edas, y se contar\u00e1 con la adhesi\u00f3n de la comunidad jud\u00eda.<\/p>\n<p>Adem\u00e1s, indicaron que se har\u00e1n presentes\u00a0<strong>autoridades municipales, y de las instituciones civiles, deportivas y culturales<\/strong>\u00a0para esta acci\u00f3n de gracias a la que la di\u00f3cesis invita a participar a toda la comunidad. (<strong>VW)<\/strong><\/p>\n<p>&nbsp;<\/p>\n","protected":false},"excerpt":{"rendered":"<p>Son varias las actividades que se realizar\u00e1n en conmemoraci\u00f3n durante el fin de semana Patrio, en el Centro Cultural Leonardo Favio, como a la vez en la plaza Mariano Moreno de Remedios de Escalada.&#46;&#46;&#46;<\/p>\n","protected":false},"author":4,"featured_media":14652,"comment_status":"closed","ping_status":"closed","sticky":false,"template":"","format":"standard","meta":{"_monsterinsights_skip_tracking":false,"_monsterinsights_sitenote_active":false,"_monsterinsights_sitenote_note":"","_monsterinsights_sitenote_category":0,"footnotes":""},"categories":[8],"tags":[6133,6134,19,1095,6135],"class_list":["post-14651","post","type-post","status-publish","format-standard","has-post-thumbnail","hentry","category-interes-general","tag-celebracion-del-25-de-mayo","tag-centro-cultral-leonardo-favio","tag-lanus","tag-plaza-mariano-moreno","tag-tedeum-interreligioso"],"_links":{"self":[{"href":"https:\/\/www.visionweb.com.ar\/index.php?rest_route=\/wp\/v2\/posts\/14651","targetHints":{"allow":["GET"]}}],"collection":[{"href":"https:\/\/www.visionweb.com.ar\/index.php?rest_route=\/wp\/v2\/posts"}],"about":[{"href":"https:\/\/www.visionweb.com.ar\/index.php?rest_route=\/wp\/v2\/types\/post"}],"author":[{"embeddable":true,"href":"https:\/\/www.visionweb.com.ar\/index.php?rest_route=\/wp\/v2\/users\/4"}],"replies":[{"embeddable":true,"href":"https:\/\/www.visionweb.com.ar\/index.php?rest_route=%2Fwp%2Fv2%2Fcomments&post=14651"}],"version-history":[{"count":1,"href":"https:\/\/www.visionweb.com.ar\/index.php?rest_route=\/wp\/v2\/posts\/14651\/revisions"}],"predecessor-version":[{"id":14653,"href":"https:\/\/www.visionweb.com.ar\/index.php?rest_route=\/wp\/v2\/posts\/14651\/revisions\/14653"}],"wp:featuredmedia":[{"embeddable":true,"href":"https:\/\/www.visionweb.com.ar\/index.php?rest_route=\/wp\/v2\/media\/14652"}],"wp:attachment":[{"href":"https:\/\/www.visionweb.com.ar\/index.php?rest_route=%2Fwp%2Fv2%2Fmedia&parent=14651"}],"wp:term":[{"taxonomy":"category","embeddable":true,"href":"https:\/\/www.visionweb.com.ar\/index.php?rest_route=%2Fwp%2Fv2%2Fcategories&post=14651"},{"taxonomy":"post_tag","embeddable":true,"href":"https:\/\/www.visionweb.com.ar\/index.php?rest_route=%2Fwp%2Fv2%2Ftags&post=14651"}],"curies":[{"name":"wp","href":"https:\/\/api.w.org\/{rel}","templated":true}]}}