{"id":14649,"date":"2024-05-24T13:39:52","date_gmt":"2024-05-24T16:39:52","guid":{"rendered":"https:\/\/www.visionweb.com.ar\/?p=14649"},"modified":"2024-05-24T13:39:52","modified_gmt":"2024-05-24T16:39:52","slug":"argentina-es-el-cuarto-pais-con-mayor-desigualdad-en-la-distribucion-del-ingreso","status":"publish","type":"post","link":"https:\/\/www.visionweb.com.ar\/?p=14649","title":{"rendered":"Argentina es el cuarto pa\u00eds con mayor desigualdad en la distribuci\u00f3n del ingreso"},"content":{"rendered":"<p><em><strong>Seg\u00fan el Banco Mundial, Sud\u00e1frica, Brasil, Colombia y M\u00e9xico la antecedieron en 2023 en cuanto al aumento del contraste entre ricos y pobres.<\/strong><\/em><!--more--><\/p>\n<p><strong><img loading=\"lazy\" decoding=\"async\" class=\"size-full wp-image-3339 alignright\" src=\"https:\/\/www.visionweb.com.ar\/wp-content\/uploads\/2021\/11\/caba-panoramica-pobreza.bmp\" alt=\"\" width=\"573\" height=\"316\" \/>\u00a0\u00a0 E<\/strong>l \u00faltimo reporte econ\u00f3mico del <strong>Banco Mundial<\/strong>,\u00a0<strong>ubic\u00f3 a Argentina en el 4\u00b0 puesto de un r\u00e1nking mundial de\u00a0desigualdad del ingreso,<\/strong>\u00a0elaborado con el \u00edndice Gini, en el que qued\u00f3\u00a0<strong>detr\u00e1s de Sud\u00e1frica, Brasil, Colombia y M\u00e9xico.<\/strong><\/p>\n<p>Por regiones,\u00a0<strong>\u00c1frica Sub-sahariana\u00a0<\/strong>es la que presenta el peor indicador, seguida por\u00a0<strong>Latinoam\u00e9rica y Caribe<\/strong>.<\/p>\n<p>Mientras que entre <strong>2022 y 2023<\/strong>, la lista de pa\u00edses con mayor crecimiento de la desigualdad la encabezaron Colombia (54.8), Brasil (52.0), Zambia (51.5), Panam\u00e1 (48.9), Costa Rica (47.2), Ecuador (45.5), Paraguay (45.1), M\u00e9xico (43.5), Chile (43.0) y en <strong>d\u00e9cimo lugar\u00a0Argentina (40,7%).<\/strong><\/p>\n<p>La entidad mundial de fomento atribuye a las amenazas combinadas del\u00a0cambio clim\u00e1tico; <strong>la fragilidad, los conflictos y la violencia, o la inseguridad alimentaria,<\/strong>\u00a0por nombrar s\u00f3lo algunas de las dificultades con las que tropieza la\u00a0<strong>plena recuperaci\u00f3n de todas las econom\u00edas<\/strong>.<\/p>\n<p><strong>El Covid hizo perder tres a\u00f1os en la lucha contra la pobreza:<\/strong><\/p>\n<p>Casi\u00a0<strong>700 millones de personas en todo el mundo<\/strong>\u00a0viven hoy en la\u00a0<strong>pobreza extrema<\/strong>, lo que significa que\u00a0<strong>perciben menos de US$ 2,15 al d\u00eda,<\/strong>\u00a0n\u00famero que se hab\u00eda reducido en un 40% entre 2010 y 2019.<\/p>\n<p>Las tendencias son similares, seg\u00fan el informe, para las personas que\u00a0<strong>subsisten con menos de US$ 3,65 al d\u00eda y las que viven con menos de US$ 6,85 al d\u00eda.<\/strong><\/p>\n<p>Los que est\u00e1n por debajo de esta \u00faltima l\u00ednea de pobreza aumentaron levemente desde 2019.<\/p>\n<p>La mayor\u00eda de las naciones se concentra dentro de la\u00a0<strong>escala de Gini en que se ubica Argentina,\u00a0<\/strong>en torno<strong>\u00a0<\/strong>del 40%, y en las\u00a0<strong>decenas inferiores prevalecen los europeos.<\/strong><\/p>\n<p><strong>2023 fue el a\u00f1o de la desigualdad:<\/strong><\/p>\n<p>Como en la mayor\u00eda de las crisis,<strong>\u00a0los pa\u00edses m\u00e1s pobres del mundo terminaron siendo los m\u00e1s afectados<\/strong>. Muchos de ellos, que ya se encuentran en\u00a0<strong>situaci\u00f3n de sobreendeudamiento,<\/strong>\u00a0deben enfrentar una\u00a0<strong>escasez de recursos a\u00fan mayor.\u00a0<\/strong><\/p>\n<p>Se dan casos como el del<strong>\u00a0trabajo espor\u00e1dico en l\u00ednea,\u00a0<\/strong>que<strong>\u00a0<\/strong>es un aspecto esencial del\u00a0<strong>mercado laboral<\/strong>\u00a0y una\u00a0<strong>fuente de ingresos,\u00a0<\/strong>pero al que accede una minor\u00eda.<\/p>\n<p>Y tambi\u00e9n pesa en la\u00a0<strong>ponderaci\u00f3n negativa la crisis actual de los refugiados.\u00a0<\/strong><\/p>\n<p>Las<strong>\u00a0pol\u00edticas migratorias\u00a0<\/strong>mejoradas no solo pueden ayudar a aliviar la crisis; tambi\u00e9n pueden\u00a0<strong>impulsar el crecimiento econ\u00f3mico y la prosperidad.<\/strong><\/p>\n<p>Pero estas policrisis han complicado m\u00e1s la labor de desarrollo, conforme se\u00f1ala el reporte.<\/p>\n<p><strong>En Argentina:<\/strong> El aumento comparativo de la\u00a0<strong>desigualdad en Argentina<\/strong> respecto a otros pa\u00edses, se aprecia internamente en\u00a0la evoluci\u00f3n que tuvo la Distribuci\u00f3n del Ingreso correspondiente al primer trimestre de este a\u00f1o.<\/p>\n<p>El ingreso medio per c\u00e1pita familiar para el total de la poblaci\u00f3n fue de $79.007, donde el m\u00e1s bajo alcanz\u00f3 los $28.356, el medio $70.100\u00a0y el m\u00e1s alto, $198.245.<\/p>\n<p>En promedio, cada hogar cont\u00f3 con $79.000 por mes por cada integrante durante el 1T-23.<\/p>\n<p>No solo es un nivel bajo de ingreso (no llega a representar\u00a0<strong>1,5 canasta b\u00e1sica un adulto equivalente<\/strong>), sino que adem\u00e1s resulta c<strong>asi 2% menor que un a\u00f1o atr\u00e1s en t\u00e9rminos reales<\/strong>.<\/p>\n<p>En la propia Ciudad de Buenos Aires las diferencias de los ingresos de la poblaci\u00f3n son acentuadas: en la zona Norte, 93,5% superiores a zona Sur, seg\u00fan los datos del cuarto trimestre de 2023 elaborados por la Direcci\u00f3n de Estad\u00edstica y Censos porte\u00f1a.<\/p>\n<p>A su vez, durante el a\u00f1o pasado<strong>\u00a0los hogares de la zona Sur tuvieron una ca\u00edda de ingresos en relaci\u00f3n con la inflaci\u00f3n superior a los de la zona Norte<\/strong>, a la vez que se acentu\u00f3 la desigualdad.<\/p>\n<p>Nota: Coeficiente de Gini: Mide la desigualdad econ\u00f3mica de una sociedad, mediante la exploraci\u00f3n del nivel de concentraci\u00f3n que existe en la distribuci\u00f3n de los ingresos entre la poblaci\u00f3n. El coeficiente de Gini toma valores entre 0 y 1; un valor que tiende a 1 refleja mayor desigualdad en la distribuci\u00f3n del ingreso.<strong> (VW)<\/strong><\/p>\n<p>&nbsp;<\/p>\n","protected":false},"excerpt":{"rendered":"<p>Seg\u00fan el Banco Mundial, Sud\u00e1frica, Brasil, Colombia y M\u00e9xico la antecedieron en 2023 en cuanto al aumento del contraste entre ricos y pobres.<\/p>\n","protected":false},"author":4,"featured_media":3339,"comment_status":"closed","ping_status":"closed","sticky":false,"template":"","format":"standard","meta":{"_monsterinsights_skip_tracking":false,"_monsterinsights_sitenote_active":false,"_monsterinsights_sitenote_note":"","_monsterinsights_sitenote_category":0,"footnotes":""},"categories":[6,4,5],"tags":[6132,912,6131,1470],"class_list":["post-14649","post","type-post","status-publish","format-standard","has-post-thumbnail","hentry","category-economia","category-politica","category-sociedad","tag-argentina-en-el-cuarto-lugar","tag-banco-mundial","tag-desigualdad-en-los-ingresos","tag-reporte"],"_links":{"self":[{"href":"https:\/\/www.visionweb.com.ar\/index.php?rest_route=\/wp\/v2\/posts\/14649","targetHints":{"allow":["GET"]}}],"collection":[{"href":"https:\/\/www.visionweb.com.ar\/index.php?rest_route=\/wp\/v2\/posts"}],"about":[{"href":"https:\/\/www.visionweb.com.ar\/index.php?rest_route=\/wp\/v2\/types\/post"}],"author":[{"embeddable":true,"href":"https:\/\/www.visionweb.com.ar\/index.php?rest_route=\/wp\/v2\/users\/4"}],"replies":[{"embeddable":true,"href":"https:\/\/www.visionweb.com.ar\/index.php?rest_route=%2Fwp%2Fv2%2Fcomments&post=14649"}],"version-history":[{"count":1,"href":"https:\/\/www.visionweb.com.ar\/index.php?rest_route=\/wp\/v2\/posts\/14649\/revisions"}],"predecessor-version":[{"id":14650,"href":"https:\/\/www.visionweb.com.ar\/index.php?rest_route=\/wp\/v2\/posts\/14649\/revisions\/14650"}],"wp:featuredmedia":[{"embeddable":true,"href":"https:\/\/www.visionweb.com.ar\/index.php?rest_route=\/wp\/v2\/media\/3339"}],"wp:attachment":[{"href":"https:\/\/www.visionweb.com.ar\/index.php?rest_route=%2Fwp%2Fv2%2Fmedia&parent=14649"}],"wp:term":[{"taxonomy":"category","embeddable":true,"href":"https:\/\/www.visionweb.com.ar\/index.php?rest_route=%2Fwp%2Fv2%2Fcategories&post=14649"},{"taxonomy":"post_tag","embeddable":true,"href":"https:\/\/www.visionweb.com.ar\/index.php?rest_route=%2Fwp%2Fv2%2Ftags&post=14649"}],"curies":[{"name":"wp","href":"https:\/\/api.w.org\/{rel}","templated":true}]}}