{"id":14638,"date":"2024-05-24T09:36:59","date_gmt":"2024-05-24T12:36:59","guid":{"rendered":"https:\/\/www.visionweb.com.ar\/?p=14638"},"modified":"2024-05-24T09:44:52","modified_gmt":"2024-05-24T12:44:52","slug":"faa-fallece-en-un-accidente-de-transito-carlos-achetoni","status":"publish","type":"post","link":"https:\/\/www.visionweb.com.ar\/?p=14638","title":{"rendered":"Federaci\u00f3n Agraria: Fallece en un accidente de tr\u00e1nsito Carlos Achetoni"},"content":{"rendered":"<p><em><strong>Fue en un tr\u00e1gico accidente en la ruta\u00a0 nacional 188. El dirigente presidio a la entidad federada durante los \u00faltimos cinco a\u00f1os.<\/strong><\/em> <!--more--><\/p>\n<p><img loading=\"lazy\" decoding=\"async\" class=\"size-medium wp-image-14639 alignleft\" src=\"https:\/\/www.visionweb.com.ar\/wp-content\/uploads\/2024\/05\/ACHETONI-300x275.png\" alt=\"\" width=\"300\" height=\"275\" srcset=\"https:\/\/www.visionweb.com.ar\/wp-content\/uploads\/2024\/05\/ACHETONI-300x275.png 300w, https:\/\/www.visionweb.com.ar\/wp-content\/uploads\/2024\/05\/ACHETONI.png 524w\" sizes=\"auto, (max-width: 300px) 100vw, 300px\" \/><strong>El presidente de la Federaci\u00f3n Agraria Argentina, Carlos Achetoni<\/strong>, de 56 a\u00f1os, falleci\u00f3 esta madrugada <strong>en un tr\u00e1gico accidente que protagoniz\u00f3 en la ruta 188, entre Florentino Ameghino y\u00a0 Granada, provincia de Buenos Aires, al<\/strong> chocar con el acoplado de un cami\u00f3n que transportaba man\u00ed.<\/p>\n<p>El sitio local de noticias\u00a0<a href=\"https:\/\/www.labrujulaweb.com.ar\/blog\/\" target=\"_blank\" rel=\"noopener\"><strong>La Br\u00fajula Web<\/strong><\/a>\u00a0inform\u00f3 que el siniestro se produjo cuando Ca<strong>rlos Achetoni se trasladaba en un Fiat Palio al impact\u00f3 contra un cami\u00f3n que transportaba man\u00ed, destac\u00f3 el portal local.<\/strong><\/p>\n<p>La especie fue confirmada por la Federaci\u00f3n Agraria Argentina en un comunicado que difundi\u00f3 esta madrugada.<\/p>\n<p>\u201cFederaci\u00f3n Agraria Argentina lamenta informar\u00a0<strong>el fallecimiento esta madrugada de su presidente, Carlos Achetoni, en un accidente automovil\u00edstico<\/strong>.\u00a0Este desgraciado acontecimiento enluta y entristece a la conducci\u00f3n y a todos los federados\u201d, contaron en un comunicado que publicaron en sus redes sociales.<\/p>\n<p class=\"\">\u201cDesde la entidad acompa\u00f1amos y abrazamos a Mary, sus hijos y toda su familia en estos momentos tan devastadores\u201d, acotaron en la nota de prensa y para cerrar dijeron:\u00a0\u201cSiempre lo recordaremos luchando por los peque\u00f1os y medianos productores y las econom\u00edas regionales, que tanto y tan bien ha representado\u201d.<\/p>\n<p>En el momento del choque los dos veh\u00edculos circulaban en el mismo sentido. En tanto, tras el impacto, el acoplado del cami\u00f3n -que proven\u00eda desde la ciudad cordobesa de La Carlota- volc\u00f3 sobre la ruta.<\/p>\n<p><img loading=\"lazy\" decoding=\"async\" class=\"size-medium wp-image-14640 alignright\" src=\"https:\/\/www.visionweb.com.ar\/wp-content\/uploads\/2024\/05\/COMUNICADO-300x160.png\" alt=\"\" width=\"300\" height=\"160\" srcset=\"https:\/\/www.visionweb.com.ar\/wp-content\/uploads\/2024\/05\/COMUNICADO-300x160.png 300w, https:\/\/www.visionweb.com.ar\/wp-content\/uploads\/2024\/05\/COMUNICADO.png 640w\" sizes=\"auto, (max-width: 300px) 100vw, 300px\" \/>Carlos Achetoni presidi\u00f3 a la entidad federada durante los \u00faltimos cinco a\u00f1os y este per\u00edodo, que asumi\u00f3 en septiembre de 2023, conclu\u00eda su mandato al frente de la Entidad.<\/p>\n<p>El dirigente federado era oriundo de General Alvear, provincia de Mendoza y tercera generaci\u00f3n de productores<\/p>\n<p class=\"\">El dirigente rural de la\u00a0<strong>Mesa de Enlace<\/strong>\u00a0comenz\u00f3 su actividad gremial en la filial de la\u00a0<strong>Federaci\u00f3n Agraria General Alvear.<\/strong>\u00a0En esa etapa, gan\u00f3 relevancia por su papel en la lucha del pueblo de la zona en\u00a0<strong>defensa del agua<\/strong>\u00a0a trav\u00e9s de la Ley 7722.<\/p>\n<p class=\"\">Achetoni tambi\u00e9n gestion\u00f3 por la\u00a0<strong>consecuci\u00f3n del seguro agr\u00edcola provincial<\/strong>,<strong>\u00a0cr\u00e9ditos blandos\u00a0<\/strong>para productores con emergencia o desastre agropecuario y\u00a0<strong>entrega de subsidios<\/strong>.<\/p>\n<p>Desde su puesto de presidente de la FAA el dirigente mendocino tuvo como objetivo apuntar a la defensa de los intereses de los peque\u00f1os medianos productores.<\/p>\n<p><strong>Comunicado de la Mesa de Enlace<\/strong><\/p>\n<p>Desde\u00a0<strong>la Comisi\u00f3n de Entidades de Enlace Agropecuarias<\/strong>\u00a0manifestamos con profundo<br \/>\npesar por el fallecimiento de Carlos Achetoni, un dirigente rural excepcional y una persona de<br \/>\ninmensa calidad humana.<\/p>\n<p><strong>\u201cSu dedicaci\u00f3n y compromiso con el sector agropecuario han dejado una huella imborrable en nuestra comunidad\u201d.<\/strong><\/p>\n<p><strong>\u201cCarlos fue un l\u00edder inspirador cuya integridad y valores siempre guiar\u00e1n nuestros esfuerzos\u201d<\/strong>.<\/p>\n<p><strong>\u201cSu amabilidad, calidez y esp\u00edritu solidario lo convirtieron en una figura entra\u00f1able, respetada y admirada por todos aquellos que tuvieron el privilegio de conocerlo y trabajar con \u00e9l\u201d.<\/strong><\/p>\n<p>\u201cExtendemos nuestras m\u00e1s sinceras condolencias a su familia, amigos y colegas en este dif\u00edcil momento. La p\u00e9rdida de Carlos deja un vac\u00edo irremplazable, pero su legado perdurar\u00e1 en nuestros corazones\u201d.<\/p>\n<p>Que descanse en paz.<\/p>\n<p><strong>(NAP\/VW)<\/strong><\/p>\n<p>&nbsp;<\/p>\n<p>&nbsp;<\/p>\n","protected":false},"excerpt":{"rendered":"<p>Fue en un tr\u00e1gico accidente en la ruta\u00a0 nacional 188. El dirigente presidio a la entidad federada durante los \u00faltimos cinco a\u00f1os.<\/p>\n","protected":false},"author":3,"featured_media":14639,"comment_status":"closed","ping_status":"closed","sticky":false,"template":"","format":"standard","meta":{"_monsterinsights_skip_tracking":false,"_monsterinsights_sitenote_active":false,"_monsterinsights_sitenote_note":"","_monsterinsights_sitenote_category":0,"footnotes":""},"categories":[3],"tags":[6125,6123,161,6124,1908],"class_list":["post-14638","post","type-post","status-publish","format-standard","has-post-thumbnail","hentry","category-actualidad","tag-accidente","tag-achetoni","tag-fallecimiento","tag-federacion-agraria","tag-transito"],"_links":{"self":[{"href":"https:\/\/www.visionweb.com.ar\/index.php?rest_route=\/wp\/v2\/posts\/14638","targetHints":{"allow":["GET"]}}],"collection":[{"href":"https:\/\/www.visionweb.com.ar\/index.php?rest_route=\/wp\/v2\/posts"}],"about":[{"href":"https:\/\/www.visionweb.com.ar\/index.php?rest_route=\/wp\/v2\/types\/post"}],"author":[{"embeddable":true,"href":"https:\/\/www.visionweb.com.ar\/index.php?rest_route=\/wp\/v2\/users\/3"}],"replies":[{"embeddable":true,"href":"https:\/\/www.visionweb.com.ar\/index.php?rest_route=%2Fwp%2Fv2%2Fcomments&post=14638"}],"version-history":[{"count":3,"href":"https:\/\/www.visionweb.com.ar\/index.php?rest_route=\/wp\/v2\/posts\/14638\/revisions"}],"predecessor-version":[{"id":14643,"href":"https:\/\/www.visionweb.com.ar\/index.php?rest_route=\/wp\/v2\/posts\/14638\/revisions\/14643"}],"wp:featuredmedia":[{"embeddable":true,"href":"https:\/\/www.visionweb.com.ar\/index.php?rest_route=\/wp\/v2\/media\/14639"}],"wp:attachment":[{"href":"https:\/\/www.visionweb.com.ar\/index.php?rest_route=%2Fwp%2Fv2%2Fmedia&parent=14638"}],"wp:term":[{"taxonomy":"category","embeddable":true,"href":"https:\/\/www.visionweb.com.ar\/index.php?rest_route=%2Fwp%2Fv2%2Fcategories&post=14638"},{"taxonomy":"post_tag","embeddable":true,"href":"https:\/\/www.visionweb.com.ar\/index.php?rest_route=%2Fwp%2Fv2%2Ftags&post=14638"}],"curies":[{"name":"wp","href":"https:\/\/api.w.org\/{rel}","templated":true}]}}