{"id":14634,"date":"2024-05-23T11:33:18","date_gmt":"2024-05-23T14:33:18","guid":{"rendered":"https:\/\/www.visionweb.com.ar\/?p=14634"},"modified":"2024-05-23T11:34:54","modified_gmt":"2024-05-23T14:34:54","slug":"en-argetina-se-perdieron-100-mil-empleos-publicos-y-privados","status":"publish","type":"post","link":"https:\/\/www.visionweb.com.ar\/?p=14634","title":{"rendered":"En Argetina se perdieron 100 mil empleos p\u00fablicos y privados"},"content":{"rendered":"<p><em><strong>La medici\u00f3n corresponde al per\u00edodo comprendido entre diciembre de 2023 y marzo de 2024. Los datos fueron publicados por organismos oficiales.<\/strong><\/em><!--more--><\/p>\n<p><img loading=\"lazy\" decoding=\"async\" class=\"size-medium wp-image-5746 alignleft\" src=\"https:\/\/www.visionweb.com.ar\/wp-content\/uploads\/2022\/05\/FERIA-DE-EMPLEO-lanus-1-300x200.jpg\" alt=\"\" width=\"300\" height=\"200\" srcset=\"https:\/\/www.visionweb.com.ar\/wp-content\/uploads\/2022\/05\/FERIA-DE-EMPLEO-lanus-1-300x200.jpg 300w, https:\/\/www.visionweb.com.ar\/wp-content\/uploads\/2022\/05\/FERIA-DE-EMPLEO-lanus-1.jpg 628w\" sizes=\"auto, (max-width: 300px) 100vw, 300px\" \/>Seg\u00fan datos oficiales publicados por el ministerio de Trabajo de la Naci\u00f2n y el Instituto Nacional de Estad\u00edsticas y Censo (INDEC); entre diciembre de 2023 y marzo de 20242, en el pa\u00eds se perdieron m\u00e1s 100 mil empleos entre puestos p\u00fablicos y privados y entre los sectores m\u00e1s afectados aparecen la industria y la construcci\u00f3n.<\/p>\n<p>De acuerdo con esos datos, solo en febrero se perdieron unos 20.000 empleos privados, pero desde el 10 de diciembre esa ca\u00edda asciende a casi 70.000 puestos de trabajo.<\/p>\n<p>En tanto que para el empleo p\u00fablico medido en el mismo per\u00edodo\u00a0se perdieron cerca de 21.400 empleos p\u00fablicos.<\/p>\n<p>En total unas 91.400 personas que quedaron sin trabajo desde la asunci\u00f3n del Gobierno de Javier Milei, aunque se suman otras presunciones que aseguran que durante marzo se perdieron unos 34.000 puestos de trabajo.<\/p>\n<p>Los datos oficiales se desprenden de la \u00faltima publicaci\u00f3n del Ministerio de Trabajo, que posee datos de febrero (del Sistema Integrado Provisional Argentino, SIPA), ya que el informe de mercado de fuerza de trabajo del INDEC corresponde al cuarto trimestre de 2023.<\/p>\n<p>Los indicadores privados son m\u00e1s contundentes que el reporte oficial. El estudio del Instituto de Estudios y Formaci\u00f3n (IEF-CTA AUT\u00d3NOMA) retoma la p\u00e9rdida de puestos de trabajo desde agosto de 2023 a febrero de 2024, donde la destrucci\u00f3n de los empleos asciende a 94.070 (-1,5%).<\/p>\n<p>\u201cSi bien se trata de una ca\u00edda muy importante, todav\u00eda est\u00e1 en magnitudes inferiores a las de fines de 2018 y 2019\u201d, destaca su informe.<\/p>\n<p>\u201cA contramano del discurso oficialista, que sostiene que el sector privado absorber\u00e1 la oferta de trabajo resultante de los despidos masivos en el Estado, el desplome se profundiza\u201d, precis\u00f3 por su parte el Centro de Econom\u00eda Pol\u00edtica Argentina (CEPA).<\/p>\n<p>En marzo, la industria retrocedi\u00f3 un 21% interanual y, la capacidad instalada se derrumb\u00f3 al 53,4%, mientras la construcci\u00f3n cay\u00f3 un 33% interanual, sobre todo por el freno de la obra p\u00fablica. El \u00edndice general de la actividad se retrajo un 9,7% interanual en marzo, seg\u00fan la medici\u00f3n de Orlando Ferreres &amp; Asociados.<\/p>\n<h4>En ese contexto, el panorama del empleo para marzo no mejora. De hecho, la Encuesta de Indicadores Laborales (EIL), que releva el nivel de empleo en unas 3.500 empresas los aglomerados urbanos, estima una ca\u00edda de otros 34.166 puestos en el sector privado durante el tercer mes del a\u00f1o.<\/h4>\n<h4 class=\"wp-block-heading\">Los rubros<\/h4>\n<p>Dentro de los rubros m\u00e1s golpeados por el desempleo se encuentra la construcci\u00f3n, que desde la paralizaci\u00f3n de la obra p\u00fablica, ya perdi\u00f3 100.000 puestos de trabajo, seg\u00fan precis\u00f3 Gustavo Weiss, presidente de la C\u00e1mara Argentina de la Construcci\u00f3n (CAC).<\/p>\n<p>Solo en febrero, seg\u00fan el informe de CEPA, perdi\u00f3 12.949 trabajadores, siendo el sector con mayor ca\u00edda de empleo.<\/p>\n<p>Los dos sectores m\u00e1s importantes en materia de generaci\u00f3n de empleo son comercio e industria, que poseen un 19,5% y 18,8% del total del universo de empleados privados, respectivamente. Seg\u00fan precis\u00f3 CEPA, el sector industrial perdi\u00f3 5.520 puestos entre diciembre y febrero<strong>(VW)<\/strong>.<\/p>\n<p>&nbsp;<\/p>\n<p>&nbsp;<\/p>\n<p>&nbsp;<\/p>\n","protected":false},"excerpt":{"rendered":"<p>La medici\u00f3n corresponde al per\u00edodo comprendido entre diciembre de 2023 y marzo de 2024. Los datos fueron publicados por organismos oficiales.<\/p>\n","protected":false},"author":3,"featured_media":5746,"comment_status":"closed","ping_status":"closed","sticky":false,"template":"","format":"standard","meta":{"_monsterinsights_skip_tracking":false,"_monsterinsights_sitenote_active":false,"_monsterinsights_sitenote_note":"","_monsterinsights_sitenote_category":0,"footnotes":""},"categories":[8],"tags":[1984,498,3381],"class_list":["post-14634","post","type-post","status-publish","format-standard","has-post-thumbnail","hentry","category-interes-general","tag-desocupacion","tag-empleos","tag-perdidas"],"_links":{"self":[{"href":"https:\/\/www.visionweb.com.ar\/index.php?rest_route=\/wp\/v2\/posts\/14634","targetHints":{"allow":["GET"]}}],"collection":[{"href":"https:\/\/www.visionweb.com.ar\/index.php?rest_route=\/wp\/v2\/posts"}],"about":[{"href":"https:\/\/www.visionweb.com.ar\/index.php?rest_route=\/wp\/v2\/types\/post"}],"author":[{"embeddable":true,"href":"https:\/\/www.visionweb.com.ar\/index.php?rest_route=\/wp\/v2\/users\/3"}],"replies":[{"embeddable":true,"href":"https:\/\/www.visionweb.com.ar\/index.php?rest_route=%2Fwp%2Fv2%2Fcomments&post=14634"}],"version-history":[{"count":3,"href":"https:\/\/www.visionweb.com.ar\/index.php?rest_route=\/wp\/v2\/posts\/14634\/revisions"}],"predecessor-version":[{"id":14637,"href":"https:\/\/www.visionweb.com.ar\/index.php?rest_route=\/wp\/v2\/posts\/14634\/revisions\/14637"}],"wp:featuredmedia":[{"embeddable":true,"href":"https:\/\/www.visionweb.com.ar\/index.php?rest_route=\/wp\/v2\/media\/5746"}],"wp:attachment":[{"href":"https:\/\/www.visionweb.com.ar\/index.php?rest_route=%2Fwp%2Fv2%2Fmedia&parent=14634"}],"wp:term":[{"taxonomy":"category","embeddable":true,"href":"https:\/\/www.visionweb.com.ar\/index.php?rest_route=%2Fwp%2Fv2%2Fcategories&post=14634"},{"taxonomy":"post_tag","embeddable":true,"href":"https:\/\/www.visionweb.com.ar\/index.php?rest_route=%2Fwp%2Fv2%2Ftags&post=14634"}],"curies":[{"name":"wp","href":"https:\/\/api.w.org\/{rel}","templated":true}]}}