{"id":14631,"date":"2024-05-23T10:33:33","date_gmt":"2024-05-23T13:33:33","guid":{"rendered":"https:\/\/www.visionweb.com.ar\/?p=14631"},"modified":"2024-05-23T10:33:33","modified_gmt":"2024-05-23T13:33:33","slug":"indec-la-actividad-economica-cayo-84-en-marzo","status":"publish","type":"post","link":"https:\/\/www.visionweb.com.ar\/?p=14631","title":{"rendered":"Indec: La actividad econ\u00f3mica cay\u00f3 8,4% en marzo"},"content":{"rendered":"<p><strong><em>Se conoci\u00f3 el Estimador Mensual de Actividad Econ\u00f3mica (EMAE), que exhibi\u00f3 una ca\u00edda en casi todos los rubros, con excepci\u00f3n del agro y la miner\u00eda. Es el quinto mes consecutivo que sigue esta tendencia.<\/em><\/strong><!--more--><\/p>\n<p><img loading=\"lazy\" decoding=\"async\" class=\"size-medium wp-image-3002 alignright\" src=\"https:\/\/www.visionweb.com.ar\/wp-content\/uploads\/2021\/10\/PARQUE-INDUSTRIAL-DE-CURTIEMBRES-DE-LANUS-300x200.png\" alt=\"\" width=\"300\" height=\"200\" srcset=\"https:\/\/www.visionweb.com.ar\/wp-content\/uploads\/2021\/10\/PARQUE-INDUSTRIAL-DE-CURTIEMBRES-DE-LANUS-300x200.png 300w, https:\/\/www.visionweb.com.ar\/wp-content\/uploads\/2021\/10\/PARQUE-INDUSTRIAL-DE-CURTIEMBRES-DE-LANUS-768x512.png 768w, https:\/\/www.visionweb.com.ar\/wp-content\/uploads\/2021\/10\/PARQUE-INDUSTRIAL-DE-CURTIEMBRES-DE-LANUS.png 800w\" sizes=\"auto, (max-width: 300px) 100vw, 300px\" \/>\u00a0 <strong>E<\/strong>l\u00a0<strong>Instituto Nacional de Estad\u00edstica y Censos de la Rep\u00fablica Argentina (Indec)\u00a0<\/strong>anunci\u00f3 este mi\u00e9rcoles que el Estimador Mensual de <strong>Actividad Econ\u00f3mica<\/strong> (EMAE) registr\u00f3 una <strong>baja del 8,4%<\/strong> en marzo, en comparaci\u00f3n a igual mes del a\u00f1o pasado, y el trimestre cerr\u00f3 con una ca\u00edda en el nivel de actividad del 5,3%.<\/p>\n<p>De esta manera, la actividad marc\u00f3 su quinto mes consecutivo a la baja, con diez sectores que evidenciaron ca\u00eddas en comparaci\u00f3n interanual, entre los que destacan la construcci\u00f3n y la Industria manufacturera.<\/p>\n<p>La industria manufacturera tuvo <strong>el peor mes de marzo desde el a\u00f1o 2020<\/strong>. Lo mismo pas\u00f3 con la construcci\u00f3n, una rama de actividad que sufre por la crisis y por la decisi\u00f3n del Gobierno nacional de eliminar la obra p\u00fablica.<\/p>\n<p>La retracci\u00f3n de marzo fue la quinta al hilo, tras los malos resultados medidos en noviembre (-0,9%), diciembre (-4,5%), enero (-4,1%) y febrero (-3%). El \u00faltimo resultado positivo se dio en octubre pasado, cuando el EMAE mostr\u00f3 una variaci\u00f3n del 1% a favor.<\/p>\n<p>Con relaci\u00f3n a igual mes de 2023, seis sectores de actividad que conforman el EMAE registraron subas en marzo, entre los que se destacan agricultura, ganader\u00eda, caza y silvicultura (+14,1% ia) y explotaci\u00f3n de minas y canteras (5,9% ia). Las otras actividades que mejoraron fueron \u201cservicios sociales y de salud\u201d (1%), \u201cense\u00f1anza\u201d (0,9%) y \u201cadministraci\u00f3n p\u00fablica y defensa\u201d.<\/p>\n<p>Por su parte, nueve sectores de actividad registraron ca\u00eddas en la comparaci\u00f3n interanual, entre los que se destacan construcci\u00f3n (-29,9% ia) e industria manufacturera (-19,6% ia). Junto con comercio mayorista, minorista y reparaciones (-16,7% ia) aportan 6,6 puntos porcentuales a la ca\u00edda interanual del EMAE. Fue negativo tambi\u00e9n el desempe\u00f1o del rubro de \u201cimpuestos netos de subsidios\u201d (-11%), \u201cintermediaci\u00f3n financiera\u201d (-15,2%), \u201cactividades inmobiliarias, empresariales y de alquiler\u201d (-3,1%), \u201celectricidad, gas y agua\u201d (-7,5%), \u201ctransporte y comunicaciones\u201d (-1,4%), \u201cotras actividades de servicios comunitarios, sociales y personales\u201d (-2,7%) y el rubro de \u201choteles y restaurantes\u201d (-1,5%).<\/p>\n<p>Seg\u00fan inform\u00f3 el Indec, el \u00edndice desestacionalizado del nivel de actividad de marzo (140,1) fue el m\u00e1s bajo desde diciembre de 2020. <strong>(VW)<\/strong><\/p>\n","protected":false},"excerpt":{"rendered":"<p>Se conoci\u00f3 el Estimador Mensual de Actividad Econ\u00f3mica (EMAE), que exhibi\u00f3 una ca\u00edda en casi todos los rubros, con excepci\u00f3n del agro y la miner\u00eda. Es el quinto mes consecutivo que sigue esta tendencia.<\/p>\n","protected":false},"author":4,"featured_media":3002,"comment_status":"closed","ping_status":"closed","sticky":false,"template":"","format":"standard","meta":{"_monsterinsights_skip_tracking":false,"_monsterinsights_sitenote_active":false,"_monsterinsights_sitenote_note":"","_monsterinsights_sitenote_category":0,"footnotes":""},"categories":[6,4],"tags":[6122,6121,75],"class_list":["post-14631","post","type-post","status-publish","format-standard","has-post-thumbnail","hentry","category-economia","category-politica","tag-actividad-economica-en-baja","tag-emae","tag-indec"],"_links":{"self":[{"href":"https:\/\/www.visionweb.com.ar\/index.php?rest_route=\/wp\/v2\/posts\/14631","targetHints":{"allow":["GET"]}}],"collection":[{"href":"https:\/\/www.visionweb.com.ar\/index.php?rest_route=\/wp\/v2\/posts"}],"about":[{"href":"https:\/\/www.visionweb.com.ar\/index.php?rest_route=\/wp\/v2\/types\/post"}],"author":[{"embeddable":true,"href":"https:\/\/www.visionweb.com.ar\/index.php?rest_route=\/wp\/v2\/users\/4"}],"replies":[{"embeddable":true,"href":"https:\/\/www.visionweb.com.ar\/index.php?rest_route=%2Fwp%2Fv2%2Fcomments&post=14631"}],"version-history":[{"count":1,"href":"https:\/\/www.visionweb.com.ar\/index.php?rest_route=\/wp\/v2\/posts\/14631\/revisions"}],"predecessor-version":[{"id":14632,"href":"https:\/\/www.visionweb.com.ar\/index.php?rest_route=\/wp\/v2\/posts\/14631\/revisions\/14632"}],"wp:featuredmedia":[{"embeddable":true,"href":"https:\/\/www.visionweb.com.ar\/index.php?rest_route=\/wp\/v2\/media\/3002"}],"wp:attachment":[{"href":"https:\/\/www.visionweb.com.ar\/index.php?rest_route=%2Fwp%2Fv2%2Fmedia&parent=14631"}],"wp:term":[{"taxonomy":"category","embeddable":true,"href":"https:\/\/www.visionweb.com.ar\/index.php?rest_route=%2Fwp%2Fv2%2Fcategories&post=14631"},{"taxonomy":"post_tag","embeddable":true,"href":"https:\/\/www.visionweb.com.ar\/index.php?rest_route=%2Fwp%2Fv2%2Ftags&post=14631"}],"curies":[{"name":"wp","href":"https:\/\/api.w.org\/{rel}","templated":true}]}}