{"id":14628,"date":"2024-05-23T10:08:00","date_gmt":"2024-05-23T13:08:00","guid":{"rendered":"https:\/\/www.visionweb.com.ar\/?p=14628"},"modified":"2024-05-23T10:08:00","modified_gmt":"2024-05-23T13:08:00","slug":"javier-milei-presento-ayer-su-libro-ante-un-luna-park-colmado","status":"publish","type":"post","link":"https:\/\/www.visionweb.com.ar\/?p=14628","title":{"rendered":"Javier Milei present\u00f3 ayer su libro ante un Luna Park colmado"},"content":{"rendered":"<p><strong><em>\u201c<\/em><em>Capitalismo, socialismo y la trampa neocl\u00e1sica\u201d. Aunque antes de la presentaci\u00f3n<\/em><em>, el Presidente subi\u00f3 al escenario del m\u00edtico estadio<\/em> <em>cumpli\u00f3 su sue\u00f1o de rockstar y cant\u00f3 el tema Panic Show de La Renga.<\/em><\/strong><!--more--><\/p>\n<p><img loading=\"lazy\" decoding=\"async\" class=\"size-medium wp-image-14629 alignright\" src=\"https:\/\/www.visionweb.com.ar\/wp-content\/uploads\/2024\/05\/Milei-en-el-luna-300x208.png\" alt=\"\" width=\"300\" height=\"208\" srcset=\"https:\/\/www.visionweb.com.ar\/wp-content\/uploads\/2024\/05\/Milei-en-el-luna-300x208.png 300w, https:\/\/www.visionweb.com.ar\/wp-content\/uploads\/2024\/05\/Milei-en-el-luna.png 494w\" sizes=\"auto, (max-width: 300px) 100vw, 300px\" \/>\u00a0\u00a0 <strong>E<\/strong>l presidente <strong>Javier Milei<\/strong> present\u00f3 anoche su \u00faltimo libro con un show en el Luna Park, que comenz\u00f3 con <strong>con la interpretaci\u00f3n de una versi\u00f3n modificada de la canci\u00f3n \u201cPanic show\u201d de La Renga, <\/strong>en un escenario a todas luces junto a \u201cLa banda liberal\u201d, integrada entre otros por el diputado nacional de La Libertad Avanza (LLA), Alberto Benegas Lynch, su hermano Joaqu\u00edn Benegas Lynch y Marcelo Ducl\u00f3s.<\/p>\n<p>\u201cQuise hacer esto\u00a0<strong>porque quer\u00eda cantar\u00a0<\/strong>y todas las veces entraba cantaba a capela\u201d, dijo el presidente Javier Milei, tras ingresar al escenario.<\/p>\n<p>As\u00ed Milei recorri\u00f3 el escenario con soltura y\u00a0fue ovacionado por los miembros de su Gabinete, personalidades de la far\u00e1ndula y una multitud de seguidores que no se perdi\u00f3 el evento.<\/p>\n<p>En la letra adaptada, Milei se\u00f1al\u00f3: \u201c<strong>Toda la casta es de mi apetito\u201d, haciendo referencia a su cl\u00e1sica consigna contra la clase pol\u00edtica tradicional.\u00a0<\/strong>Aunque se esperaba que interpretara otros temas, el presidente solo enton\u00f3 ese hit de La Renga, que es un cl\u00e1sico para \u00e9l desde el principio de sus campa\u00f1as electorales.<\/p>\n<p>Tras terminar de cantar, se quit\u00f3 el saco y qued\u00f3 vestido de traje para explicar los principales lineamientos de su libro <strong>\u201cCapitalismo, socialismo y la trampa neocl\u00e1sica\u201d<\/strong>, y tuvo\u00a0<strong>palabras especiales para Karina,<\/strong>\u00a0su hermana, como tambi\u00e9n iron\u00edas para la Feria del Libro y el kirchnerismo.<\/p>\n<p>\u201cHay que\u00a0<strong>darle las gracias a la Feria del Libro, que con el boicot nos regal\u00f3 esta fiesta.<\/strong>\u00a0Parece que ibas a necesitar m\u00e1s de diez salas Jos\u00e9 Hern\u00e1ndez para recibir esto\u201d, expres\u00f3 Milei en referencia a la pol\u00e9mica por su presencia en la Feria del Libro.<\/p>\n<p>El mandatario\u00a0<strong>se descarg\u00f3 contra el Estado y el socialismo,<\/strong>\u00a0como siempre en sus discursos, y dijo que \u201cel problema no es la gente, el problema son los pol\u00edticos\u201d.<\/p>\n<p>\u201cAlgo inc\u00f3modo a los pol\u00edticos, los \u00fanicos monopolios que son malos es cuando el monarca o el se\u00f1or feudal le daba a una empresa la potestad para hacer la \u00fanica empresa que vendiera ese producto en ese lugar y si alguien violaba eso le ca\u00eda con el Estado encima. El problema es malo cuando el Estado est\u00e1 en el medio, por lo tanto, <strong>el problema sigue siendo el maldito Estado<\/strong>\u201d, fustig\u00f3.<\/p>\n<p>El discurso se volvi\u00f3 algo t\u00e9cnico en cuestiones econ\u00f3micas,\u00a0<strong>pero repas\u00f3 tem\u00e1ticas que suele repetir en sus alocuciones p\u00fablicas, como su rechazo al aborto, su bronca contra la casta, y la certeza de que el mercado no tiene fallos.<\/strong><\/p>\n<p>Durante su discurso, el presidente volvi\u00f3 a referirse de forma ir\u00f3nica a la crisis diplom\u00e1tica con Espa\u00f1a y afirm\u00f3 que la canciller Diana Mondino iba a pedirle \u201choras extras\u201d.<strong>\u00a0<\/strong><\/p>\n<p>El mandatario tambi\u00e9n apunt\u00f3 contra<strong>\u00a0\u201cesos enemigos que, de repente, tratan de voltear a este gobierno porque quieren que sigan el socialismo y la miseria\u201d,\u00a0<\/strong>en referencia al Foro de San Pablo y ahora Grupo Puebla.<\/p>\n<p>\u201cDetr\u00e1s del socialismo se esconde la envidia, el odio, el resentimiento, el trato desigual ante la ley, la violencia y el asesinato.\u00a0<strong>Es la econom\u00eda de los fracasados\u201d<\/strong>, concluy\u00f3 Milei con duros t\u00e9rminos contra el modelo econ\u00f3mico opuesto al que propone.<\/p>\n<p>En la primera fila del evento estuvieron la hermana del mandatario y secretaria general de la Presidencia, Karina Milei; la vicepresidenta Victoria Villarruel; los ministros del Interior, Guillermo Francos; de Econom\u00eda, Luis \u201cToto\u201d Caputo; de Seguridad, Patricia Bullrich; de Capital Humano, Sandra Pettovello; el secretario de Turismo, Ambiente y Deportes, Daniel Scioli; y el diputado oficialista Jos\u00e9 Luis Espert.<\/p>\n<p>Tambi\u00e9n se ubicaron en ese lugar principal la actriz Amalia \u201cYuyito\u201d Gonz\u00e1lez; el presidente de la C\u00e1mara de Diputados, Mart\u00edn Menem; los diputados Hern\u00e1n Lombardi, Diego Santilli y Alberto Benegas Lynch; el jefe del bloque de diputados nacionales del PRO, Cristian Ritondo, y los influencers libertarios I\u00f1aki Guti\u00e9rrez y Eugenia Rol\u00f3n. En lugares expectantes adem\u00e1s estuvieron el vocero presidencial, Manuel Adorni; el secretario de Comunicaci\u00f3n, Eduardo Serenellini; y la diputada nacional Lilia Lemoine, entre otros. <strong>(VW)<\/strong><\/p>\n<p>&nbsp;<\/p>\n","protected":false},"excerpt":{"rendered":"<p>\u201cCapitalismo, socialismo y la trampa neocl\u00e1sica\u201d. Aunque antes de la presentaci\u00f3n, el Presidente subi\u00f3 al escenario del m\u00edtico estadio cumpli\u00f3 su sue\u00f1o de rockstar y cant\u00f3 el tema Panic Show de La Renga.<\/p>\n","protected":false},"author":4,"featured_media":14629,"comment_status":"closed","ping_status":"closed","sticky":false,"template":"","format":"standard","meta":{"_monsterinsights_skip_tracking":false,"_monsterinsights_sitenote_active":false,"_monsterinsights_sitenote_note":"","_monsterinsights_sitenote_category":0,"footnotes":""},"categories":[4],"tags":[4878,6120,6119],"class_list":["post-14628","post","type-post","status-publish","format-standard","has-post-thumbnail","hentry","category-politica","tag-javier-milei","tag-luna-park","tag-presentacion-libro"],"_links":{"self":[{"href":"https:\/\/www.visionweb.com.ar\/index.php?rest_route=\/wp\/v2\/posts\/14628","targetHints":{"allow":["GET"]}}],"collection":[{"href":"https:\/\/www.visionweb.com.ar\/index.php?rest_route=\/wp\/v2\/posts"}],"about":[{"href":"https:\/\/www.visionweb.com.ar\/index.php?rest_route=\/wp\/v2\/types\/post"}],"author":[{"embeddable":true,"href":"https:\/\/www.visionweb.com.ar\/index.php?rest_route=\/wp\/v2\/users\/4"}],"replies":[{"embeddable":true,"href":"https:\/\/www.visionweb.com.ar\/index.php?rest_route=%2Fwp%2Fv2%2Fcomments&post=14628"}],"version-history":[{"count":1,"href":"https:\/\/www.visionweb.com.ar\/index.php?rest_route=\/wp\/v2\/posts\/14628\/revisions"}],"predecessor-version":[{"id":14630,"href":"https:\/\/www.visionweb.com.ar\/index.php?rest_route=\/wp\/v2\/posts\/14628\/revisions\/14630"}],"wp:featuredmedia":[{"embeddable":true,"href":"https:\/\/www.visionweb.com.ar\/index.php?rest_route=\/wp\/v2\/media\/14629"}],"wp:attachment":[{"href":"https:\/\/www.visionweb.com.ar\/index.php?rest_route=%2Fwp%2Fv2%2Fmedia&parent=14628"}],"wp:term":[{"taxonomy":"category","embeddable":true,"href":"https:\/\/www.visionweb.com.ar\/index.php?rest_route=%2Fwp%2Fv2%2Fcategories&post=14628"},{"taxonomy":"post_tag","embeddable":true,"href":"https:\/\/www.visionweb.com.ar\/index.php?rest_route=%2Fwp%2Fv2%2Ftags&post=14628"}],"curies":[{"name":"wp","href":"https:\/\/api.w.org\/{rel}","templated":true}]}}