{"id":14623,"date":"2024-05-23T09:29:44","date_gmt":"2024-05-23T12:29:44","guid":{"rendered":"https:\/\/www.visionweb.com.ar\/?p=14623"},"modified":"2024-05-23T09:30:17","modified_gmt":"2024-05-23T12:30:17","slug":"el-municipio-de-lanus-firmo-un-convenio-con-leasing-provincia","status":"publish","type":"post","link":"https:\/\/www.visionweb.com.ar\/?p=14623","title":{"rendered":"El Municipio de Lan\u00fas firm\u00f3 un convenio con Leasing Provincia"},"content":{"rendered":"<p><em><strong>Es para el acceso al alquiler de camiones\u00a0 y maquinarias por el sistema de Leasing que ser\u00e1n afectados para la mejora de los espacios y servicios p\u00fablicos del distrito.<\/strong><\/em><!--more--><\/p>\n<div id=\"attachment_14624\" style=\"width: 310px\" class=\"wp-caption alignright\"><img loading=\"lazy\" decoding=\"async\" aria-describedby=\"caption-attachment-14624\" class=\"wp-image-14624 size-medium\" src=\"https:\/\/www.visionweb.com.ar\/wp-content\/uploads\/2024\/05\/ACUERDO-POR-LEASING-300x200.jpg\" alt=\"\" width=\"300\" height=\"200\" srcset=\"https:\/\/www.visionweb.com.ar\/wp-content\/uploads\/2024\/05\/ACUERDO-POR-LEASING-300x200.jpg 300w, https:\/\/www.visionweb.com.ar\/wp-content\/uploads\/2024\/05\/ACUERDO-POR-LEASING.jpg 640w\" sizes=\"auto, (max-width: 300px) 100vw, 300px\" \/><p id=\"caption-attachment-14624\" class=\"wp-caption-text\"><em><strong>El intendente Juli\u00e1n Alvarez y el presidente del banco Provincia, Juan Cuattomo firman los acuerdos (Prensa Lan\u00fas)<\/strong><\/em><\/p><\/div>\n<p>El municipio de Lan\u00fas acceder\u00e1 a tres camiones Iveco Tector, un cami\u00f3n tractor Iveco, una gr\u00faa articulada Hidrogrubert y dos cajas volcadoras Scorza, que ser\u00e1n utilizadas para reforzar las tareas de puesta en valor en el distrito.<\/p>\n<p>La operaci\u00f3n se concreto con la firma del convenio para la adquisici\u00f3n de bienes de capital, por parte del \u00a0intendente de Lan\u00fas, Juli\u00e1n \u00c1lvarez y el presidentes del Banco Provincia, Juan Cuattromo y, el presidente de Provincia Servicios Financieros Ariel Lieutier, adem\u00e1s de la presidenta de Provincia Leasing Valeria Dallera.<\/p>\n<p>\u201cEste convenio es muy importante porque nos permitir\u00e1 robustecer el servicio de limpieza y mantenimiento de los espacios p\u00fablicos de Lan\u00fas y nos ayuda a poner a disposici\u00f3n de la ciudad m\u00e1s herramientas que mejoren la calidad de vida de las vecinas\u00a0y\u00a0vecinos\u201d, afirm\u00f3 Juli\u00e1n \u00c1lvarez.<\/p>\n<p>\u201cCreemos que es fundamental apoyar la gesti\u00f3n de todos los municipios de nuestra provincia, sin ning\u00fan tipo de discriminaci\u00f3n o especulaci\u00f3n, porque es lo que nos pidi\u00f3 el gobernador Axel Kicillof\u201d, se\u00f1al\u00f3 Cuattromo.<\/p>\n<p>\u201cA partir del ahogo financiero que generan las pol\u00edticas de (el presidente Javier) Milei, los municipios, al igual que el Gobierno provincial, asumen much\u00edsimas responsabilidades de las cuales el Gobierno Nacional deber\u00eda hacerse cargo. Por eso es fundamental contar con herramientas para que el Estado sostenga la realidad econ\u00f3mica de la provincia. Hoy la realidad nos impone una agenda de much\u00edsima m\u00e1s presencia y territorialidad, y en eso estamos trabajando\u201d, a\u00f1adi\u00f3.<\/p>\n<p>Por su parte Valeria Dallera a\u00f1adi\u00f3: \u201cEn Provincia Leasing ofrecemos financiamiento a los municipios bonaerenses para que puedan adquirir bienes que fortalezcan su sistema de salud, seguridad y servicios urbanos. Contamos con un mecanismo \u00e1gil y efectivo para que r\u00e1pidamente puedan poner los bienes al servicio de su localidad\u201d, detall\u00f3 Dallera.<\/p>\n<p>Desde el lanzamiento de la l\u00ednea de leasing para municipios, en abril de 2020, se firmaron m\u00e1s de 210 convenios por $ 48.000 millones, un monto ajustado por inflaci\u00f3n.<\/p>\n<p>La iniciativa de Provincia Leasing ofrece una financiaci\u00f3n del 100% del bien en hasta 48 cuotas. De esta forma, los municipios asistidos reciben equipos de salud, maquinarias, equipamiento de construcci\u00f3n y veh\u00edculos, entre otros<strong>(VW)<\/strong>.<\/p>\n<div id=\"m_4643958655555582456signature\">&#8212;<\/div>\n","protected":false},"excerpt":{"rendered":"<p>Es para el acceso al alquiler de camiones\u00a0 y maquinarias por el sistema de Leasing que ser\u00e1n afectados para la mejora de los espacios y servicios p\u00fablicos del distrito.<\/p>\n","protected":false},"author":3,"featured_media":14624,"comment_status":"closed","ping_status":"closed","sticky":false,"template":"","format":"standard","meta":{"_monsterinsights_skip_tracking":false,"_monsterinsights_sitenote_active":false,"_monsterinsights_sitenote_note":"","_monsterinsights_sitenote_category":0,"footnotes":""},"categories":[8],"tags":[5891,4271,6095,356],"class_list":["post-14623","post","type-post","status-publish","format-standard","has-post-thumbnail","hentry","category-interes-general","tag-alavarez","tag-cuattromo","tag-leasing","tag-provincia"],"_links":{"self":[{"href":"https:\/\/www.visionweb.com.ar\/index.php?rest_route=\/wp\/v2\/posts\/14623","targetHints":{"allow":["GET"]}}],"collection":[{"href":"https:\/\/www.visionweb.com.ar\/index.php?rest_route=\/wp\/v2\/posts"}],"about":[{"href":"https:\/\/www.visionweb.com.ar\/index.php?rest_route=\/wp\/v2\/types\/post"}],"author":[{"embeddable":true,"href":"https:\/\/www.visionweb.com.ar\/index.php?rest_route=\/wp\/v2\/users\/3"}],"replies":[{"embeddable":true,"href":"https:\/\/www.visionweb.com.ar\/index.php?rest_route=%2Fwp%2Fv2%2Fcomments&post=14623"}],"version-history":[{"count":1,"href":"https:\/\/www.visionweb.com.ar\/index.php?rest_route=\/wp\/v2\/posts\/14623\/revisions"}],"predecessor-version":[{"id":14625,"href":"https:\/\/www.visionweb.com.ar\/index.php?rest_route=\/wp\/v2\/posts\/14623\/revisions\/14625"}],"wp:featuredmedia":[{"embeddable":true,"href":"https:\/\/www.visionweb.com.ar\/index.php?rest_route=\/wp\/v2\/media\/14624"}],"wp:attachment":[{"href":"https:\/\/www.visionweb.com.ar\/index.php?rest_route=%2Fwp%2Fv2%2Fmedia&parent=14623"}],"wp:term":[{"taxonomy":"category","embeddable":true,"href":"https:\/\/www.visionweb.com.ar\/index.php?rest_route=%2Fwp%2Fv2%2Fcategories&post=14623"},{"taxonomy":"post_tag","embeddable":true,"href":"https:\/\/www.visionweb.com.ar\/index.php?rest_route=%2Fwp%2Fv2%2Ftags&post=14623"}],"curies":[{"name":"wp","href":"https:\/\/api.w.org\/{rel}","templated":true}]}}