{"id":14610,"date":"2024-05-21T17:06:33","date_gmt":"2024-05-21T20:06:33","guid":{"rendered":"https:\/\/www.visionweb.com.ar\/?p=14610"},"modified":"2024-05-21T17:06:33","modified_gmt":"2024-05-21T20:06:33","slug":"el-gobierno-bonaerense-lanzara-una-escuela-de-genero-para-la-gestion-publica","status":"publish","type":"post","link":"https:\/\/www.visionweb.com.ar\/?p=14610","title":{"rendered":"El Gobierno bonaerense lanzar\u00e1 una Escuela de G\u00e9nero para la gesti\u00f3n p\u00fablica"},"content":{"rendered":"<p><em><strong>Con el objetivo de generar pol\u00edticas de igualdad en la Provincia, esta semana se lanzar\u00e1 la \u201cEscuela de G\u00e9nero, Gobierno y Comunidad\u201d.<\/strong> <strong>La provincia de Buenos Aires formar\u00e1 agentes para transversalizar la perspectiva de g\u00e9nero en el Estado, organizaciones sociales, clubes y sindicatos.\u00a0<\/strong><\/em><strong>\u00a0<\/strong><!--more--><\/p>\n<p><strong><img loading=\"lazy\" decoding=\"async\" class=\"size-medium wp-image-14611 alignright\" src=\"https:\/\/www.visionweb.com.ar\/wp-content\/uploads\/2024\/05\/ley-micaela-provincia-278x300.png\" alt=\"\" width=\"278\" height=\"300\" srcset=\"https:\/\/www.visionweb.com.ar\/wp-content\/uploads\/2024\/05\/ley-micaela-provincia-278x300.png 278w, https:\/\/www.visionweb.com.ar\/wp-content\/uploads\/2024\/05\/ley-micaela-provincia.png 374w\" sizes=\"auto, (max-width: 278px) 100vw, 278px\" \/>\u00a0 \u00a0L<\/strong>a\u00a0Ministra de Mujeres y Diversidad de la Provincia de Buenos Aires<strong> Estela D\u00edaz<\/strong>\u00a0anunci\u00f3 el lanzamiento de la<strong> Escuela de G\u00e9nero<\/strong>, <strong>Gobierno y Comunidad<\/strong> que formar\u00e1 agentes para la funci\u00f3n p\u00fablica con el fin de avanzar en la transversalizaci\u00f3n de la perspectiva de g\u00e9nero en el Estado, en organizaciones sociales y comunitarias, clubes y sindicatos.<\/p>\n<p>Seg\u00fan adelant\u00f3 la ministra D\u00edaz, la presentaci\u00f3n de la Escuela de G\u00e9nero ser\u00e1 este jueves 23 de mayo junto al\u00a0<strong>Gobernador Axel Kicillof\u00a0<\/strong>y la\u00a0<strong>Vicegobernadora Ver\u00f3nica Mar\u00eda Magario<\/strong>.<strong> \u00abTiene un particular desaf\u00edo de coyuntura porque adem\u00e1s hay un clima de \u00e9poca que ataca la perspectiva de derechos\u00bb<\/strong>, explic\u00f3.<\/p>\n<p>El objetivo, finalmente, es\u00a0<strong>\u201cpotenciar una convivencia igualitaria entre todas las personas que viven en el territorio bonaerense\u201d,<\/strong> ahond\u00f3 D\u00edaz.<\/p>\n<p><strong>En qu\u00e9 consiste la Escuela de G\u00e9nero de la Provincia<\/strong><\/p>\n<p>La Escuela de G\u00e9nero tiene dos objetivos: \u00abUno m\u00e1s estructural de la Provincia de Buenos Aires. Tenemos muchas escuelas de gobierno y es fundamental a la hora de formar a sus cuadros, trabajadores y funcionarios en distintas tem\u00e1ticas\u00bb, detall\u00f3 la funcionaria.<\/p>\n<p>Esta nueva iniciativa \u00abno es s\u00f3lo para tem\u00e1ticas espec\u00edficas\u00bb. Y agreg\u00f3: \u00abSino tambi\u00e9n<strong>\u00a0para garantizar la transversalidad de la perspectiva de g\u00e9nero y pensar que nosotras tenemos que tener gente especializada en todas las \u00e1reas de Gobierno, la Escuela tiene esa funci\u00f3n importante<\/strong>\u00ab.<\/p>\n<p>De este modo, se va a fortalecer la <strong>Ley Micaela<\/strong> para la Administraci\u00f3n P\u00fablica Provincial, \u00a0con la finalidad de llegar a la totalidad de los trabajadores del Estado y, seg\u00fan trascendi\u00f3, se <strong>impulsar\u00e1 la l\u00ednea Micaela Municipios<\/strong>, mediante la que trabajar\u00e1n los 135 municipios en el armado de planes pedag\u00f3gicos, entre otros contenidos.<\/p>\n<p>D\u00edaz se refiri\u00f3 al contexto en el que es lanzada esta escuela:<strong>\u00a0\u00abTiene un particular desaf\u00edo de coyuntura porque adem\u00e1s hay un clima de \u00e9poca que ataca la perspectiva de derechos, que niega la existencia de brechas de desigualdad, de violencia de g\u00e9nero, de cr\u00edmenes de odio, de ataques por el odio. As\u00ed que tambi\u00e9n hay una funci\u00f3n pedag\u00f3gica contra lo que quieren instalar como una cultura dominante que niega una perspectiva de derechos humanos, la perspectiva de g\u00e9nero\u00bb<\/strong>. <strong>(VW)<\/strong><\/p>\n<p>&nbsp;<\/p>\n","protected":false},"excerpt":{"rendered":"<p>Con el objetivo de generar pol\u00edticas de igualdad en la Provincia, esta semana se lanzar\u00e1 la \u201cEscuela de G\u00e9nero, Gobierno y Comunidad\u201d. La provincia de Buenos Aires formar\u00e1 agentes para transversalizar la perspectiva de&#46;&#46;&#46;<\/p>\n","protected":false},"author":4,"featured_media":14611,"comment_status":"closed","ping_status":"closed","sticky":false,"template":"","format":"standard","meta":{"_monsterinsights_skip_tracking":false,"_monsterinsights_sitenote_active":false,"_monsterinsights_sitenote_note":"","_monsterinsights_sitenote_category":0,"footnotes":""},"categories":[4,5],"tags":[6111,6112,6113,1858],"class_list":["post-14610","post","type-post","status-publish","format-standard","has-post-thumbnail","hentry","category-politica","category-sociedad","tag-escuela-de-genero-bonaerense","tag-estela-diaz","tag-formacion-de-agentes","tag-ley-micaela"],"_links":{"self":[{"href":"https:\/\/www.visionweb.com.ar\/index.php?rest_route=\/wp\/v2\/posts\/14610","targetHints":{"allow":["GET"]}}],"collection":[{"href":"https:\/\/www.visionweb.com.ar\/index.php?rest_route=\/wp\/v2\/posts"}],"about":[{"href":"https:\/\/www.visionweb.com.ar\/index.php?rest_route=\/wp\/v2\/types\/post"}],"author":[{"embeddable":true,"href":"https:\/\/www.visionweb.com.ar\/index.php?rest_route=\/wp\/v2\/users\/4"}],"replies":[{"embeddable":true,"href":"https:\/\/www.visionweb.com.ar\/index.php?rest_route=%2Fwp%2Fv2%2Fcomments&post=14610"}],"version-history":[{"count":1,"href":"https:\/\/www.visionweb.com.ar\/index.php?rest_route=\/wp\/v2\/posts\/14610\/revisions"}],"predecessor-version":[{"id":14612,"href":"https:\/\/www.visionweb.com.ar\/index.php?rest_route=\/wp\/v2\/posts\/14610\/revisions\/14612"}],"wp:featuredmedia":[{"embeddable":true,"href":"https:\/\/www.visionweb.com.ar\/index.php?rest_route=\/wp\/v2\/media\/14611"}],"wp:attachment":[{"href":"https:\/\/www.visionweb.com.ar\/index.php?rest_route=%2Fwp%2Fv2%2Fmedia&parent=14610"}],"wp:term":[{"taxonomy":"category","embeddable":true,"href":"https:\/\/www.visionweb.com.ar\/index.php?rest_route=%2Fwp%2Fv2%2Fcategories&post=14610"},{"taxonomy":"post_tag","embeddable":true,"href":"https:\/\/www.visionweb.com.ar\/index.php?rest_route=%2Fwp%2Fv2%2Ftags&post=14610"}],"curies":[{"name":"wp","href":"https:\/\/api.w.org\/{rel}","templated":true}]}}