{"id":14598,"date":"2024-05-21T10:04:21","date_gmt":"2024-05-21T13:04:21","guid":{"rendered":"https:\/\/www.visionweb.com.ar\/?p=14598"},"modified":"2024-05-21T10:50:11","modified_gmt":"2024-05-21T13:50:11","slug":"crisis-diplomatica-se-agrava-la-relacion-entre-argentina-y-espana","status":"publish","type":"post","link":"https:\/\/www.visionweb.com.ar\/?p=14598","title":{"rendered":"Crisis diplom\u00e1tica: Se agrava la relaci\u00f3n entre Argentina y Espa\u00f1a"},"content":{"rendered":"<p><em><strong>Tras los dichos del presidente de Argentina Javier Milei, que renov\u00f3 las cr\u00edticas al presidente del Gobierno espa\u00f1ol, Espa\u00f1a retir\u00f3 a su embajadora\u00a0 destinada en Buenos Aires.<\/strong><\/em>\u00a0 \u00a0 <!--more--><\/p>\n<div id=\"attachment_14599\" style=\"width: 310px\" class=\"wp-caption alignright\"><img loading=\"lazy\" decoding=\"async\" aria-describedby=\"caption-attachment-14599\" class=\"wp-image-14599 size-medium\" src=\"https:\/\/www.visionweb.com.ar\/wp-content\/uploads\/2024\/05\/MINISTRO-DE-RELACIONES-EXTERIORES-ALVAREZ-300x168.png\" alt=\"\" width=\"300\" height=\"168\" srcset=\"https:\/\/www.visionweb.com.ar\/wp-content\/uploads\/2024\/05\/MINISTRO-DE-RELACIONES-EXTERIORES-ALVAREZ-300x168.png 300w, https:\/\/www.visionweb.com.ar\/wp-content\/uploads\/2024\/05\/MINISTRO-DE-RELACIONES-EXTERIORES-ALVAREZ.png 640w\" sizes=\"auto, (max-width: 300px) 100vw, 300px\" \/><p id=\"caption-attachment-14599\" class=\"wp-caption-text\"><em><strong>Ministro de Relaciones Exteriores de Espa\u00f1a, Jos\u00e9 Manuel Alvarez (Imegen: Captura de video)<\/strong><\/em><\/p><\/div>\n<p>El gobierno espa\u00f1ol retir\u00f3 a la embajadora en el pa\u00eds, Mar\u00eda Jes\u00fas Alonso Jim\u00e9nez, tras el cruce de declaraciones desatadas por los dichos de Javier Milei. Si bien la noticia ya circulaba ayer, fue confirmada en las \u00faltimas horas.<\/p>\n<p>El ministro de Exteriores espa\u00f1ol, Jos\u00e9 Manuel Albares, anunci\u00f3 que retira de forma permanente a la embajadora Alonso Jim\u00e9nez. \u201cPara quien lo quiera entender, la colaboraci\u00f3n siempre es m\u00e1s poderosa que la confrontaci\u00f3n\u201d, dijo.<\/p>\n<p><strong>\u00a0\u201cSe queda definitivamente en Madrid\u201d,<\/strong>\u00a0se\u00f1al\u00f3 Albares este martes en una rueda de prensa del Consejo de Ministros, citado por el diario\u00a0<strong>El Pa\u00eds<\/strong>.<\/p>\n<p>Sus palabras llegan despu\u00e9s de que el presidente\u00a0<strong>Javier Milei<\/strong>, en una entrevista en el canal TN, insistiera en que no pedir\u00e1 disculpas a su par espa\u00f1ol\u00a0<strong>Pedro S\u00e1nchez<\/strong>\u00a0tras llamar \u201ccorrupta\u201d a su esposa:<strong> \u201cNo le voy a pedir disculpas bajo ning\u00fan punto de vista\u2026 S\u00ed yo fui el agredido\u201d.<\/strong><\/p>\n<p>\u201cNo se ha producido ning\u00fan cambio de las declaraciones del presidente argentino Milei, por lo tanto les anuncio que Madrid retira la embajadora en Argentina\u201d, manifest\u00f3 Albares tras la reuni\u00f3n del Consejo de Ministros.<\/p>\n<p>\u201cEn adelante,<strong>\u00a0la Embajada continuar\u00e1 a nivel de encargado de negocios<\/strong>\u201c, sentenci\u00f3 Albares, quien este lunes convoc\u00f3 al embajador argentino en Madrid,\u00a0<strong>Roberto Bosch<\/strong>, para exigirle las disculpas p\u00fablicas a Milei.<\/p>\n<p>Milei, mientras tanto, sigue tirando le\u00f1a al fuego y tild\u00f3 a S\u00e1nchez de \u201ccobarde\u201d y dijo que se esconde \u201cdebajo a las polleras de las mujeres\u201d de su gobierno.<\/p>\n<p>Adem\u00e1s, el jefe de Estado asegur\u00f3 que \u201cde ninguna manera\u201d le pedir\u00e1 disculpas al europeo por los dichos sobre su esposa, Bego\u00f1a G\u00f3mez.<\/p>\n<p>Considera que detr\u00e1s de la tensi\u00f3n con Espa\u00f1a est\u00e1 \u201cel kirchnerismo\u201d, al considerar que S\u00e1nchez apoy\u00f3 a Sergio Massa durante la campa\u00f1a del a\u00f1o pasado y ahora es asesorado por el ex presidente Alberto Fern\u00e1ndez<strong>(VW)<\/strong>.<\/p>\n<p>Con datos de la agencia DIB<\/p>\n<p>&nbsp;<\/p>\n","protected":false},"excerpt":{"rendered":"<p>Tras los dichos del presidente de Argentina Javier Milei, que renov\u00f3 las cr\u00edticas al presidente del Gobierno espa\u00f1ol, Espa\u00f1a retir\u00f3 a su embajadora\u00a0 destinada en Buenos Aires.\u00a0 \u00a0<\/p>\n","protected":false},"author":3,"featured_media":14599,"comment_status":"closed","ping_status":"closed","sticky":false,"template":"","format":"standard","meta":{"_monsterinsights_skip_tracking":false,"_monsterinsights_sitenote_active":false,"_monsterinsights_sitenote_note":"","_monsterinsights_sitenote_category":0,"footnotes":""},"categories":[1822],"tags":[6104,892,4530,6105],"class_list":["post-14598","post","type-post","status-publish","format-standard","has-post-thumbnail","hentry","category-internacionales","tag-argetnina","tag-espana","tag-milei","tag-sanchez"],"_links":{"self":[{"href":"https:\/\/www.visionweb.com.ar\/index.php?rest_route=\/wp\/v2\/posts\/14598","targetHints":{"allow":["GET"]}}],"collection":[{"href":"https:\/\/www.visionweb.com.ar\/index.php?rest_route=\/wp\/v2\/posts"}],"about":[{"href":"https:\/\/www.visionweb.com.ar\/index.php?rest_route=\/wp\/v2\/types\/post"}],"author":[{"embeddable":true,"href":"https:\/\/www.visionweb.com.ar\/index.php?rest_route=\/wp\/v2\/users\/3"}],"replies":[{"embeddable":true,"href":"https:\/\/www.visionweb.com.ar\/index.php?rest_route=%2Fwp%2Fv2%2Fcomments&post=14598"}],"version-history":[{"count":3,"href":"https:\/\/www.visionweb.com.ar\/index.php?rest_route=\/wp\/v2\/posts\/14598\/revisions"}],"predecessor-version":[{"id":14602,"href":"https:\/\/www.visionweb.com.ar\/index.php?rest_route=\/wp\/v2\/posts\/14598\/revisions\/14602"}],"wp:featuredmedia":[{"embeddable":true,"href":"https:\/\/www.visionweb.com.ar\/index.php?rest_route=\/wp\/v2\/media\/14599"}],"wp:attachment":[{"href":"https:\/\/www.visionweb.com.ar\/index.php?rest_route=%2Fwp%2Fv2%2Fmedia&parent=14598"}],"wp:term":[{"taxonomy":"category","embeddable":true,"href":"https:\/\/www.visionweb.com.ar\/index.php?rest_route=%2Fwp%2Fv2%2Fcategories&post=14598"},{"taxonomy":"post_tag","embeddable":true,"href":"https:\/\/www.visionweb.com.ar\/index.php?rest_route=%2Fwp%2Fv2%2Ftags&post=14598"}],"curies":[{"name":"wp","href":"https:\/\/api.w.org\/{rel}","templated":true}]}}