{"id":14587,"date":"2024-05-20T10:23:30","date_gmt":"2024-05-20T13:23:30","guid":{"rendered":"https:\/\/www.visionweb.com.ar\/?p=14587"},"modified":"2024-06-04T14:50:48","modified_gmt":"2024-06-04T17:50:48","slug":"universidades-sube-la-tension-con-plan-de-lucha-de-universidades","status":"publish","type":"post","link":"https:\/\/www.visionweb.com.ar\/?p=14587","title":{"rendered":"Universidades: Sube la tensi\u00f3n con plan de lucha de universidades"},"content":{"rendered":"<p><em><strong>Los gremios ratificaron la jornada de protesta para el 22 mayo y el paro de actividades el 23. Convocaron tambi\u00e9n a movilizar el d\u00eda que se trate la Ley Bases.<\/strong><\/em><!--more--><\/p>\n<p><img loading=\"lazy\" decoding=\"async\" class=\"size-medium wp-image-14259 alignleft\" src=\"https:\/\/www.visionweb.com.ar\/wp-content\/uploads\/2024\/04\/UNIVERSIDADES-300x169.png\" alt=\"\" width=\"300\" height=\"169\" srcset=\"https:\/\/www.visionweb.com.ar\/wp-content\/uploads\/2024\/04\/UNIVERSIDADES-300x169.png 300w, https:\/\/www.visionweb.com.ar\/wp-content\/uploads\/2024\/04\/UNIVERSIDADES.png 640w\" sizes=\"auto, (max-width: 300px) 100vw, 300px\" \/>Gremios docentes que nuclean a trabajadores de nivel superior ratificaron\u00a0<strong>el plan de lucha anunciado para esta esta semana por el Frente Gremial Universitario, que se realizar\u00e1 los d\u00edas 22 y 23 de mayo,<\/strong>\u00a0c<strong>on una jornada nacional de protesta y un paro nacional universitario.<\/strong><\/p>\n<p>\u201cAnte la falta de respuesta del Gobierno a las demandas del conjunto del sistema universitario para resolver la crisis provocada por el brutal ajuste presupuestario y salarial, CONADU da continuidad de un plan de lucha que se profundizar\u00e1 en la medida en que no se revierta la situaci\u00f3n que denunciamos\u201d, indicaron tras un plenario del que participaron 22 sindicatos de base.<\/p>\n<p>Asimismo, apuntaron que \u201csin soluci\u00f3n al problema salarial no habr\u00e1 soluci\u00f3n a la crisis presupuestaria de las universidades, pero tampoco se resolver\u00e1 el problema universitario en el marco de un pa\u00eds que est\u00e1 siendo destruido por la pol\u00edtica de saqueo que impulsan Javier Milei y sus socios\u201d. En esa l\u00ednea, destacaron el rol de la universidad p\u00fablica como espacio de resistencia al modelo propuesto por el oficialismo:\u00a0<strong>\u201cLa universidad p\u00fablica es un factor decisivo para construir y sostener una Argentina muy diferente a la que se proyecta en la Ley Bases\u201d.<\/strong><\/p>\n<p>Durante el desarrollo del plenario tambi\u00e9n se repudi\u00f3 p\u00fablicamente el desfinanciamiento al que se est\u00e1 sometiendo a la Universidad de Madres de Plaza de Mayo, y a la falta de pago de salarios de todos\/as sus trabajadores desde hace 5 meses.<\/p>\n<p>Se defini\u00f3 adem\u00e1s<strong>\u00a0convocar a movilizar el d\u00eda que se trate la Ley Bases, expresando con claridad su total rechazo.<\/strong><\/p>\n<p>Finalmente, el Plenario resolvi\u00f3 por unanimidad repudiar las graves amenazas que recibieron en Rosario la Presidenta del Centro de Estudiantes de Humanidades y Artes, un estudiante de Enfermer\u00eda de la Facultad de Ciencias M\u00e9dicas, y la presidenta de la Federaci\u00f3n Universitaria de esa ciudad santafesina.<\/p>\n<p>Participaron del debate y adhieren a las medidas: ADOI \/ FEDUBA \/ UNM \/ SIDIU \/ ADAI \/ SIDIUNT \/ ADUNOBA \/ ADUNA \/ COAD \/ ADUNSE \/ ADUNSADA \/ AGDU \/ SIDIUNLAR \/ ADULP \/ ADUNTREF \/ ADIUNQ \/ ADUFOR \/ ADUNMa \/AFUDI \/ ADUC \/ SIDUNCU \/ SUDHUR.<strong>(VW\/DIB)<\/strong><\/p>\n","protected":false},"excerpt":{"rendered":"<p>Los gremios ratificaron la jornada de protesta para el 22 mayo y el paro de actividades el 23. Convocaron tambi\u00e9n a movilizar el d\u00eda que se trate la Ley Bases.<\/p>\n","protected":false},"author":3,"featured_media":14259,"comment_status":"closed","ping_status":"closed","sticky":false,"template":"","format":"standard","meta":{"_monsterinsights_skip_tracking":false,"_monsterinsights_sitenote_active":false,"_monsterinsights_sitenote_note":"","_monsterinsights_sitenote_category":0,"footnotes":""},"categories":[7],"tags":[],"class_list":["post-14587","post","type-post","status-publish","format-standard","has-post-thumbnail","hentry","category-educacion-y-cultura"],"_links":{"self":[{"href":"https:\/\/www.visionweb.com.ar\/index.php?rest_route=\/wp\/v2\/posts\/14587","targetHints":{"allow":["GET"]}}],"collection":[{"href":"https:\/\/www.visionweb.com.ar\/index.php?rest_route=\/wp\/v2\/posts"}],"about":[{"href":"https:\/\/www.visionweb.com.ar\/index.php?rest_route=\/wp\/v2\/types\/post"}],"author":[{"embeddable":true,"href":"https:\/\/www.visionweb.com.ar\/index.php?rest_route=\/wp\/v2\/users\/3"}],"replies":[{"embeddable":true,"href":"https:\/\/www.visionweb.com.ar\/index.php?rest_route=%2Fwp%2Fv2%2Fcomments&post=14587"}],"version-history":[{"count":1,"href":"https:\/\/www.visionweb.com.ar\/index.php?rest_route=\/wp\/v2\/posts\/14587\/revisions"}],"predecessor-version":[{"id":14588,"href":"https:\/\/www.visionweb.com.ar\/index.php?rest_route=\/wp\/v2\/posts\/14587\/revisions\/14588"}],"wp:featuredmedia":[{"embeddable":true,"href":"https:\/\/www.visionweb.com.ar\/index.php?rest_route=\/wp\/v2\/media\/14259"}],"wp:attachment":[{"href":"https:\/\/www.visionweb.com.ar\/index.php?rest_route=%2Fwp%2Fv2%2Fmedia&parent=14587"}],"wp:term":[{"taxonomy":"category","embeddable":true,"href":"https:\/\/www.visionweb.com.ar\/index.php?rest_route=%2Fwp%2Fv2%2Fcategories&post=14587"},{"taxonomy":"post_tag","embeddable":true,"href":"https:\/\/www.visionweb.com.ar\/index.php?rest_route=%2Fwp%2Fv2%2Ftags&post=14587"}],"curies":[{"name":"wp","href":"https:\/\/api.w.org\/{rel}","templated":true}]}}