{"id":14585,"date":"2024-05-20T10:11:02","date_gmt":"2024-05-20T13:11:02","guid":{"rendered":"https:\/\/www.visionweb.com.ar\/?p=14585"},"modified":"2024-05-20T10:11:02","modified_gmt":"2024-05-20T13:11:02","slug":"el-gobierno-no-pondra-en-vigencia-el-aumento-de-la-tarifa-de-gas-previsto-para-mayo","status":"publish","type":"post","link":"https:\/\/www.visionweb.com.ar\/?p=14585","title":{"rendered":"El Gobierno no pondr\u00e1 en vigencia el aumento de la tarifa de gas previsto para mayo"},"content":{"rendered":"<p><strong><em>Afirman que es para acompa\u00f1ar \u201cla ca\u00edda de la inflaci\u00f3n\u201d. Para este mes se preve\u00edan subas de alrededor del 400%.<\/em><\/strong><!--more--><\/p>\n<p><strong>\u00a0 <img loading=\"lazy\" decoding=\"async\" class=\"size-full wp-image-6666 alignright\" src=\"https:\/\/www.visionweb.com.ar\/wp-content\/uploads\/2022\/08\/aumento-de-gas.bmp\" alt=\"\" width=\"467\" height=\"307\" \/>\u00a0 E<\/strong>l<strong> Gobierno nacional decidi\u00f3 frenar la suba de tarifas de gas prevista para mayo<\/strong>\u00a0de 2024, con el objetivo de que no se vuelva a disparar la inflaci\u00f3n.<\/p>\n<p>La medida se oficializ\u00f3 este lunes luego de ser analizada por varias semanas por la administraci\u00f3n de Javier Milei, seg\u00fan la Resoluci\u00f3n\u00a0<a href=\"https:\/\/www.boletinoficial.gob.ar\/detalleAviso\/primera\/307789\/20240520\">224\/2024<\/a>\u00a0emitida por el Ente Nacional Regulador del Gas (ENARGAS).<\/p>\n<p>La medida responde a una<strong>\u00a0instrucci\u00f3n del ministerio de Econom\u00eda<\/strong>, quien, mediante una comunicaci\u00f3n a la Secretar\u00eda de Energ\u00eda, argument\u00f3 que <strong>la postergaci\u00f3n es necesaria para consolidar el proceso de desinflaci\u00f3n <\/strong>iniciado por el gobierno. \u201cCon el objeto de consolidar el proceso de desinflaci\u00f3n llevado a cabo por el Gobierno, verificado a la fecha, resulta razonable y prudente postergar en el mes de mayo la aplicaci\u00f3n efectiva de las actualizaciones dispuestas en las resoluciones de los Entes antes se\u00f1aladas y los aumentos del PEST correspondiente a energ\u00eda el\u00e9ctrica y del PIST en el gas\u201d.<\/p>\n<p>El ENARGAS notific\u00f3 a las empresas prestadoras del servicio p\u00fablico de transporte y distribuci\u00f3n de gas que no se proceder\u00e1 con\u00a0la actualizaci\u00f3n tarifaria prevista, manteniendo los valores vigentes desde el 3 de abril de 2024.<\/p>\n<p>Frente a esta situaci\u00f3n, desde la Secretar\u00eda de Energ\u00eda le anticiparon a las Licenciatarias del Servicio P\u00fablico de Transporte y Distribuci\u00f3n de gas y a REDENGAS S.A. que no se proceder\u00eda con la actualizaci\u00f3n tarifaria prevista para el mes de mayo de 2024, por lo que se mantendr\u00edan vigentes y sin modificaciones los cuadros tarifarios publicados en el Bolet\u00edn Oficial el 3 de abril de 2024.<\/p>\n<p>Los incrementos que hab\u00edan sido establecidos iban a tener un impacto por encima de 350% y en algunos casos superando ampliamente el 400%. Pero en Econom\u00eda se resolvi\u00f3 avanzar con el congelamiento de tarifas para evitar su consecuente traslado a precios.<\/p>\n<p>La inflaci\u00f3n de abril marc\u00f3 una desaceleraci\u00f3n al 8,8% despu\u00e9s del 11% de marzo, el 13,2% de febrero, el 20,6% de enero y el 25,5% de diciembre. El mes pasado el Indec registr\u00f3 un fuerte aumento en el rubro servicios p\u00fablicos, que salt\u00f3 35,6%, acumularon 110,5% en lo que va del 2024 y 311,6% en los \u00faltimos 12 meses. <strong>(VW)<\/strong><\/p>\n<p>&nbsp;<\/p>\n","protected":false},"excerpt":{"rendered":"<p>Afirman que es para acompa\u00f1ar \u201cla ca\u00edda de la inflaci\u00f3n\u201d. Para este mes se preve\u00edan subas de alrededor del 400%.<\/p>\n","protected":false},"author":4,"featured_media":6666,"comment_status":"closed","ping_status":"closed","sticky":false,"template":"","format":"standard","meta":{"_monsterinsights_skip_tracking":false,"_monsterinsights_sitenote_active":false,"_monsterinsights_sitenote_note":"","_monsterinsights_sitenote_category":0,"footnotes":""},"categories":[6,4],"tags":[5511,6099,2725],"class_list":["post-14585","post","type-post","status-publish","format-standard","has-post-thumbnail","hentry","category-economia","category-politica","tag-enargas","tag-suspenden-aumentos","tag-tarifas-de-gas"],"_links":{"self":[{"href":"https:\/\/www.visionweb.com.ar\/index.php?rest_route=\/wp\/v2\/posts\/14585","targetHints":{"allow":["GET"]}}],"collection":[{"href":"https:\/\/www.visionweb.com.ar\/index.php?rest_route=\/wp\/v2\/posts"}],"about":[{"href":"https:\/\/www.visionweb.com.ar\/index.php?rest_route=\/wp\/v2\/types\/post"}],"author":[{"embeddable":true,"href":"https:\/\/www.visionweb.com.ar\/index.php?rest_route=\/wp\/v2\/users\/4"}],"replies":[{"embeddable":true,"href":"https:\/\/www.visionweb.com.ar\/index.php?rest_route=%2Fwp%2Fv2%2Fcomments&post=14585"}],"version-history":[{"count":1,"href":"https:\/\/www.visionweb.com.ar\/index.php?rest_route=\/wp\/v2\/posts\/14585\/revisions"}],"predecessor-version":[{"id":14586,"href":"https:\/\/www.visionweb.com.ar\/index.php?rest_route=\/wp\/v2\/posts\/14585\/revisions\/14586"}],"wp:featuredmedia":[{"embeddable":true,"href":"https:\/\/www.visionweb.com.ar\/index.php?rest_route=\/wp\/v2\/media\/6666"}],"wp:attachment":[{"href":"https:\/\/www.visionweb.com.ar\/index.php?rest_route=%2Fwp%2Fv2%2Fmedia&parent=14585"}],"wp:term":[{"taxonomy":"category","embeddable":true,"href":"https:\/\/www.visionweb.com.ar\/index.php?rest_route=%2Fwp%2Fv2%2Fcategories&post=14585"},{"taxonomy":"post_tag","embeddable":true,"href":"https:\/\/www.visionweb.com.ar\/index.php?rest_route=%2Fwp%2Fv2%2Ftags&post=14585"}],"curies":[{"name":"wp","href":"https:\/\/api.w.org\/{rel}","templated":true}]}}