{"id":14582,"date":"2024-05-17T11:53:21","date_gmt":"2024-05-17T14:53:21","guid":{"rendered":"https:\/\/www.visionweb.com.ar\/?p=14582"},"modified":"2024-05-17T11:53:21","modified_gmt":"2024-05-17T14:53:21","slug":"fundacion-si-lomas-colecta-contra-el-frio-en-la-plaza-grigera","status":"publish","type":"post","link":"https:\/\/www.visionweb.com.ar\/?p=14582","title":{"rendered":"Fundaci\u00f3n S\u00ed Lomas: Colecta contra el fr\u00edo en la Plaza Grigera"},"content":{"rendered":"<p><strong>\u00a0<em>Reciben alimentos no perecederos, diversos abrigos y calzado para adultos y ni\u00f1os, en el horario de 15 a 20.<\/em><\/strong><!--more--><\/p>\n<p><strong> <img loading=\"lazy\" decoding=\"async\" class=\"size-medium wp-image-14583 alignright\" src=\"https:\/\/www.visionweb.com.ar\/wp-content\/uploads\/2024\/05\/Plaza-lomas-300x234.png\" alt=\"\" width=\"300\" height=\"234\" srcset=\"https:\/\/www.visionweb.com.ar\/wp-content\/uploads\/2024\/05\/Plaza-lomas-300x234.png 300w, https:\/\/www.visionweb.com.ar\/wp-content\/uploads\/2024\/05\/Plaza-lomas.png 430w\" sizes=\"auto, (max-width: 300px) 100vw, 300px\" \/>\u00a0\u00a0 E<\/strong>l pr\u00f3ximo domingo 19 de mayo a partir de las 15 hasta las 20, voluntarios de <strong>Fundaci\u00f3n S\u00ed Lomas<\/strong> llevar\u00e1n a cabo una colecta contra el fr\u00edo en la Plaza del partido de Lomas de Zamora.<\/p>\n<p>Las donaciones que se necesitan son:\u00a0<strong>Frazadas, abrigos, ropa y calzado para adultos y ni\u00f1os.\u00a0<\/strong>Adem\u00e1s, se subraya que\u00a0<strong>donen alimentos no perecederos<\/strong>, seg\u00fan inform\u00f3 la Fundaci\u00f3n S\u00ed de Lomas.<\/p>\n<p>Todo lo recolectado por la fundaci\u00f3n durante la jornada ser\u00e1 entregado en los proyectos de la Fundaci\u00f3n, que son\u00a0<strong>Las infancias del Si Pueden, <\/strong>como tambi\u00e9n<strong> las personas en situaci\u00f3n de calle de las Recorridas Nocturnas. (VW)<\/strong><\/p>\n<p>&nbsp;<\/p>\n","protected":false},"excerpt":{"rendered":"<p>\u00a0Reciben alimentos no perecederos, diversos abrigos y calzado para adultos y ni\u00f1os, en el horario de 15 a 20.<\/p>\n","protected":false},"author":4,"featured_media":14583,"comment_status":"closed","ping_status":"closed","sticky":false,"template":"","format":"standard","meta":{"_monsterinsights_skip_tracking":false,"_monsterinsights_sitenote_active":false,"_monsterinsights_sitenote_note":"","_monsterinsights_sitenote_category":0,"footnotes":""},"categories":[8,5],"tags":[6097,6098],"class_list":["post-14582","post","type-post","status-publish","format-standard","has-post-thumbnail","hentry","category-interes-general","category-sociedad","tag-colecta-contra-el-frio","tag-fundacion-si-lomas"],"_links":{"self":[{"href":"https:\/\/www.visionweb.com.ar\/index.php?rest_route=\/wp\/v2\/posts\/14582","targetHints":{"allow":["GET"]}}],"collection":[{"href":"https:\/\/www.visionweb.com.ar\/index.php?rest_route=\/wp\/v2\/posts"}],"about":[{"href":"https:\/\/www.visionweb.com.ar\/index.php?rest_route=\/wp\/v2\/types\/post"}],"author":[{"embeddable":true,"href":"https:\/\/www.visionweb.com.ar\/index.php?rest_route=\/wp\/v2\/users\/4"}],"replies":[{"embeddable":true,"href":"https:\/\/www.visionweb.com.ar\/index.php?rest_route=%2Fwp%2Fv2%2Fcomments&post=14582"}],"version-history":[{"count":1,"href":"https:\/\/www.visionweb.com.ar\/index.php?rest_route=\/wp\/v2\/posts\/14582\/revisions"}],"predecessor-version":[{"id":14584,"href":"https:\/\/www.visionweb.com.ar\/index.php?rest_route=\/wp\/v2\/posts\/14582\/revisions\/14584"}],"wp:featuredmedia":[{"embeddable":true,"href":"https:\/\/www.visionweb.com.ar\/index.php?rest_route=\/wp\/v2\/media\/14583"}],"wp:attachment":[{"href":"https:\/\/www.visionweb.com.ar\/index.php?rest_route=%2Fwp%2Fv2%2Fmedia&parent=14582"}],"wp:term":[{"taxonomy":"category","embeddable":true,"href":"https:\/\/www.visionweb.com.ar\/index.php?rest_route=%2Fwp%2Fv2%2Fcategories&post=14582"},{"taxonomy":"post_tag","embeddable":true,"href":"https:\/\/www.visionweb.com.ar\/index.php?rest_route=%2Fwp%2Fv2%2Ftags&post=14582"}],"curies":[{"name":"wp","href":"https:\/\/api.w.org\/{rel}","templated":true}]}}