{"id":14580,"date":"2024-05-17T11:05:47","date_gmt":"2024-05-17T14:05:47","guid":{"rendered":"https:\/\/www.visionweb.com.ar\/?p=14580"},"modified":"2024-05-17T11:05:47","modified_gmt":"2024-05-17T14:05:47","slug":"docentes-bonaerenses-aceptaron-el-aumento-salarial-de-75","status":"publish","type":"post","link":"https:\/\/www.visionweb.com.ar\/?p=14580","title":{"rendered":"Docentes bonaerenses aceptaron el aumento salarial de 7,5%"},"content":{"rendered":"<p><em><strong>Desde SUTEBA, aceptaron por \u201campl\u00edsima mayor\u00eda\u201d el aumento para mayo, por lo cual el\u00a0salario de un Maestro de Grado de jornada simple tendr\u00e1 un piso de $441.108.<\/strong><\/em><!--more--><\/p>\n<div id=\"attachment_14268\" style=\"width: 310px\" class=\"wp-caption alignright\"><img loading=\"lazy\" decoding=\"async\" aria-describedby=\"caption-attachment-14268\" class=\"wp-image-14268 size-medium\" src=\"https:\/\/www.visionweb.com.ar\/wp-content\/uploads\/2024\/04\/ANUNCIO-AUMENTO-DOCENTES-300x200.png\" alt=\"\" width=\"300\" height=\"200\" srcset=\"https:\/\/www.visionweb.com.ar\/wp-content\/uploads\/2024\/04\/ANUNCIO-AUMENTO-DOCENTES-300x200.png 300w, https:\/\/www.visionweb.com.ar\/wp-content\/uploads\/2024\/04\/ANUNCIO-AUMENTO-DOCENTES.png 640w\" sizes=\"auto, (max-width: 300px) 100vw, 300px\" \/><p id=\"caption-attachment-14268\" class=\"wp-caption-text\">Foto Archivo VW<\/p><\/div>\n<p><strong>\u00a0\u00a0 E<\/strong>l gremio de\u00a0<strong>SUTEBA<\/strong>\u00a0que nuclea a la mayor plana de los\u00a0<strong>docentes bonaerenses\u00a0<\/strong>aprob\u00f3 ayer por \u201campl\u00edsima mayor\u00eda\u201d el aumento salarial del 7,5% para mayo que ofreci\u00f3 el\u00a0<strong>gobierno de Axel Kicillof<\/strong>\u00a0y, de esta manera, el\u00a0<strong>salario de un Maestro de Grado de jornada simple tendr\u00e1 un piso de $441.108<\/strong>.<\/p>\n<p>Tras un plenario de secretarios generales, el gremio de los\u00a0<strong>docentes bonaerenses<\/strong>\u00a0conducido por\u00a0<strong>Roberto Baradel<\/strong>\u00a0precis\u00f3 que decidieron \u201caceptar por ampl\u00edsima mayor\u00eda, la\u00a0<strong>propuesta salarial<\/strong>\u00a0realizada por el gobierno Provincial en la \u00faltima Comisi\u00f3n T\u00e9cnica Salarial\u201d.<\/p>\n<p>En dicha Comisi\u00f3n T\u00e9cnica, el\u00a0<strong>gobierno de Kicillof\u00a0<\/strong>ofreci\u00f3 a los\u00a0<strong>docentes bonaerenses<\/strong>\u00a0un 7,5% de aumento a cobrar en los haberes de junio, con lo cual el salario de un maestro de grado con jornada simple que reci\u00e9n se inicia pasar\u00e1 en $441.108, mientras que la jornada completa se pagar\u00e1 $882.216, y 5ta Hora a $558.967.<\/p>\n<p>En tanto, los funcionarios provinciales encargados de llevar a cabo las negociaciones comprometieron a que, a partir del segundo semestre, la base del c\u00e1lculo sea la del mes anterior, decisi\u00f3n que los\u00a0<strong>docentes bonaerenses\u00a0<\/strong>celebraron ya que mejorar\u00e1 los ingresos de los trabajadores de la educaci\u00f3n y les permitir\u00e1 recomponer su poder adquisitivo.<\/p>\n<p>Adem\u00e1s, Suteba anunci\u00f3 la adhesi\u00f3n al plan de acci\u00f3n de la CTERA en reclamo de la restituci\u00f3n de los Fondos Educativos y del FONID, y convocar\u00e1 a la movilizaci\u00f3n en rechazo a la Ley Bases y al DNU 70\/2023. <strong>(VW)<\/strong><\/p>\n<p>&nbsp;<\/p>\n","protected":false},"excerpt":{"rendered":"<p>Desde SUTEBA, aceptaron por \u201campl\u00edsima mayor\u00eda\u201d el aumento para mayo, por lo cual el\u00a0salario de un Maestro de Grado de jornada simple tendr\u00e1 un piso de $441.108.<\/p>\n","protected":false},"author":4,"featured_media":14268,"comment_status":"closed","ping_status":"closed","sticky":false,"template":"","format":"standard","meta":{"_monsterinsights_skip_tracking":false,"_monsterinsights_sitenote_active":false,"_monsterinsights_sitenote_note":"","_monsterinsights_sitenote_category":0,"footnotes":""},"categories":[6,4,5],"tags":[6096,5148,2159],"class_list":["post-14580","post","type-post","status-publish","format-standard","has-post-thumbnail","hentry","category-economia","category-politica","category-sociedad","tag-aceptaron-aumento-mayo","tag-docentes-bonaerenses","tag-suteba"],"_links":{"self":[{"href":"https:\/\/www.visionweb.com.ar\/index.php?rest_route=\/wp\/v2\/posts\/14580","targetHints":{"allow":["GET"]}}],"collection":[{"href":"https:\/\/www.visionweb.com.ar\/index.php?rest_route=\/wp\/v2\/posts"}],"about":[{"href":"https:\/\/www.visionweb.com.ar\/index.php?rest_route=\/wp\/v2\/types\/post"}],"author":[{"embeddable":true,"href":"https:\/\/www.visionweb.com.ar\/index.php?rest_route=\/wp\/v2\/users\/4"}],"replies":[{"embeddable":true,"href":"https:\/\/www.visionweb.com.ar\/index.php?rest_route=%2Fwp%2Fv2%2Fcomments&post=14580"}],"version-history":[{"count":1,"href":"https:\/\/www.visionweb.com.ar\/index.php?rest_route=\/wp\/v2\/posts\/14580\/revisions"}],"predecessor-version":[{"id":14581,"href":"https:\/\/www.visionweb.com.ar\/index.php?rest_route=\/wp\/v2\/posts\/14580\/revisions\/14581"}],"wp:featuredmedia":[{"embeddable":true,"href":"https:\/\/www.visionweb.com.ar\/index.php?rest_route=\/wp\/v2\/media\/14268"}],"wp:attachment":[{"href":"https:\/\/www.visionweb.com.ar\/index.php?rest_route=%2Fwp%2Fv2%2Fmedia&parent=14580"}],"wp:term":[{"taxonomy":"category","embeddable":true,"href":"https:\/\/www.visionweb.com.ar\/index.php?rest_route=%2Fwp%2Fv2%2Fcategories&post=14580"},{"taxonomy":"post_tag","embeddable":true,"href":"https:\/\/www.visionweb.com.ar\/index.php?rest_route=%2Fwp%2Fv2%2Ftags&post=14580"}],"curies":[{"name":"wp","href":"https:\/\/api.w.org\/{rel}","templated":true}]}}