{"id":14568,"date":"2024-05-16T12:18:02","date_gmt":"2024-05-16T15:18:02","guid":{"rendered":"https:\/\/www.visionweb.com.ar\/?p=14568"},"modified":"2024-05-16T20:15:23","modified_gmt":"2024-05-16T23:15:23","slug":"semana-mundial-del-parto-respetado-derechos-que-se-deben-garantizar-antes-durante-y-despues-del-nacimiento","status":"publish","type":"post","link":"https:\/\/www.visionweb.com.ar\/?p=14568","title":{"rendered":"Semana mundial del Parto Respetado: Derechos que se deben garantizar antes, durante y despu\u00e9s del nacimiento"},"content":{"rendered":"<p><em><strong>Del 13 al 19 de mayo se conmemora la Semana del Parto Respetado, para reconocer los derechos de las personas gestantes y repudiar la violencia obst\u00e9trica.<\/strong><\/em><!--more--><\/p>\n<p><strong><img loading=\"lazy\" decoding=\"async\" class=\"size-medium wp-image-14569 alignright\" src=\"https:\/\/www.visionweb.com.ar\/wp-content\/uploads\/2024\/05\/parto-respetado-300x188.png\" alt=\"\" width=\"300\" height=\"188\" srcset=\"https:\/\/www.visionweb.com.ar\/wp-content\/uploads\/2024\/05\/parto-respetado-300x188.png 300w, https:\/\/www.visionweb.com.ar\/wp-content\/uploads\/2024\/05\/parto-respetado.png 469w\" sizes=\"auto, (max-width: 300px) 100vw, 300px\" \/>\u00a0\u00a0\u00a0\u00a0\u00a0 P<\/strong>or iniciativa de la\u00a0<strong>Asociaci\u00f3n Francesa por el Parto Respetado (AFAR)<\/strong>, cada a\u00f1o durante el mes de mayo, se celebra la<strong> Semana del Parto Respetado, <\/strong>a la que distintos pa\u00edses adhirieron al proyecto con un objetivo en com\u00fan: visibilizar c\u00f3mo se llevan a cabo los partos globalmente y bregar por el respeto de los derechos relacionados con el nacimiento.<\/p>\n<p>La iniciativa surgi\u00f3 con el objetivo de visibilizar las violencias que sufren las personas gestantes al momento de dar a luz, como as\u00ed tambi\u00e9n concientizar acerca de los derechos que poseen.<\/p>\n<p>Seg\u00fan UNICEF, el t\u00e9rmino \u00abparto respetado\u00bb o \u00abparto humanizado, promueve el respeto a las particularidades de cada familia, como la etnia, religi\u00f3n, nacionalidad, acompa\u00f1\u00e1ndola a trav\u00e9s de la toma de decisiones seguras e informadas.<\/p>\n<p>Asimismo, cuando se habla de parto respetado se busca que la persona gestante siga su propio pulso de parto evitando todo tipo de intervenciones innecesarias, as\u00ed como a decidir la forma de controlar el dolor durante el parto.<\/p>\n<p><strong>La\u00a0Organizaci\u00f3n Mundial de la Salud (OMS)\u00a0<\/strong>emiti\u00f3 las primeras<strong>\u00a0<\/strong><strong><a href=\"https:\/\/www.who.int\/es\/news\/item\/30-03-2022-who-urges-quality-care-for-women-and-newborns-in-critical-first-weeks-after-childbirth\"><em>directrices globales<\/em><\/a><\/strong><strong>\u00a0<\/strong>para apoyar a las\u00a0madres y sus beb\u00e9s\u00a0durante el\u00a0per\u00edodo posnatal, que abarca hasta seis semanas despu\u00e9s del parto. El objetivo de la agencia sanitaria<strong> es mejorar la supervivencia y el desarrollo saludable de los reci\u00e9n nacidos, as\u00ed como promover la recuperaci\u00f3n y el bienestar de las madres.<\/strong><\/p>\n<p>Las directrices abarcan m\u00e1s de\u00a060 recomendaciones\u00a0enfocadas en<strong> ofrecer una experiencia posnatal positiva para las familias, destacando la importancia de asesoramientos sobre la\u00a0lactancia materna, el establecimiento de lazos afectivos y la promoci\u00f3n de comportamientos beneficiosos para el desarrollo a largo plazo del beb\u00e9.<\/strong><\/p>\n<p><strong>Parto respetado en Argentina: <\/strong><\/p>\n<p>Desde hace 20 a\u00f1os, en nuestro pa\u00eds rige la\u00a0<strong>Ley N\u00b0 25.929 de Parto Humanizad<\/strong>o, la cual reconoce los derechos de las personas gestantes, los reci\u00e9n nacidos y sus familias durante el trabajo de parto, parto y post parto. Asimismo, obliga a las obras sociales regidas por leyes nacionales y las entidades de medicina a brindar ciertos servicios de salud.<\/p>\n<p>En el 2020, la<strong>\u00a0provincia de Buenos Aires\u00a0<\/strong>adhiri\u00f3 a esta norma por medio de la sanci\u00f3n de la Ley N\u00b0 15.188.<\/p>\n<p>Entre sus principales puntos, esta normativa garantiza:<\/p>\n<ul>\n<li>Un parto normal, que respete tus tiempos.<\/li>\n<li>Elegir en qu\u00e9 posici\u00f3n dar a luz.<\/li>\n<li>Que no te discriminen.<\/li>\n<li>Que se respete tu intimidad.<\/li>\n<li>Que se respeten los tiempos biol\u00f3gicos y psicol\u00f3gicos; evitando pr\u00e1cticas invasivas y suministro de medicaci\u00f3n sin justificaci\u00f3n.<\/li>\n<li>Elegir a la persona que te acompa\u00f1ar\u00e1 durante el trabajo de parto, el parto y el posparto.<\/li>\n<li>Que tu beb\u00e9 est\u00e9 en su cuna a tu lado, durante toda la internaci\u00f3n (a menos que necesite cuidados especiales).<\/li>\n<li>Que vos y tu familia reciban toda la informaci\u00f3n necesaria, en un lenguaje claro, sobre tu estado y la evoluci\u00f3n del parto y del beb\u00e9.<\/li>\n<li>Tener acceso continuado a su hija o hijo mientras la situaci\u00f3n cl\u00ednica lo permita, as\u00ed como a participar en su atenci\u00f3n y en la toma de decisiones relacionadas con su asistencia.<\/li>\n<li>Ser informada sobre las distintas intervenciones m\u00e9dicas y participar en las decisiones sobre las alternativas.<\/li>\n<li>Dar el consentimiento informado sobre cualquier pr\u00e1ctica m\u00e9dica que se le realice a la o el reci\u00e9n nacido.<\/li>\n<li>Decidir no ser parte de ning\u00fan examen o intervenci\u00f3n cuyo prop\u00f3sito sea la docencia o investigaci\u00f3n.<\/li>\n<li>Conocer los beneficios de amamantar y los cuidados que necesitan tanto el reci\u00e9n nacido como vos en esta etapa de la vida.<\/li>\n<li>Conocer los efectos negativos del tabaco, el alcohol y las drogas. <strong>(VW)<\/strong><\/li>\n<\/ul>\n<p>&nbsp;<\/p>\n","protected":false},"excerpt":{"rendered":"<p>Del 13 al 19 de mayo se conmemora la Semana del Parto Respetado, para reconocer los derechos de las personas gestantes y repudiar la violencia obst\u00e9trica.<\/p>\n","protected":false},"author":4,"featured_media":14569,"comment_status":"closed","ping_status":"closed","sticky":false,"template":"","format":"standard","meta":{"_monsterinsights_skip_tracking":false,"_monsterinsights_sitenote_active":false,"_monsterinsights_sitenote_note":"","_monsterinsights_sitenote_category":0,"footnotes":""},"categories":[8,5],"tags":[829,6093,6094,356,6092],"class_list":["post-14568","post","type-post","status-publish","format-standard","has-post-thumbnail","hentry","category-interes-general","category-sociedad","tag-derechos","tag-directrices-globales","tag-parto-humanizado","tag-provincia","tag-semana-del-parto-respetado"],"_links":{"self":[{"href":"https:\/\/www.visionweb.com.ar\/index.php?rest_route=\/wp\/v2\/posts\/14568","targetHints":{"allow":["GET"]}}],"collection":[{"href":"https:\/\/www.visionweb.com.ar\/index.php?rest_route=\/wp\/v2\/posts"}],"about":[{"href":"https:\/\/www.visionweb.com.ar\/index.php?rest_route=\/wp\/v2\/types\/post"}],"author":[{"embeddable":true,"href":"https:\/\/www.visionweb.com.ar\/index.php?rest_route=\/wp\/v2\/users\/4"}],"replies":[{"embeddable":true,"href":"https:\/\/www.visionweb.com.ar\/index.php?rest_route=%2Fwp%2Fv2%2Fcomments&post=14568"}],"version-history":[{"count":2,"href":"https:\/\/www.visionweb.com.ar\/index.php?rest_route=\/wp\/v2\/posts\/14568\/revisions"}],"predecessor-version":[{"id":14575,"href":"https:\/\/www.visionweb.com.ar\/index.php?rest_route=\/wp\/v2\/posts\/14568\/revisions\/14575"}],"wp:featuredmedia":[{"embeddable":true,"href":"https:\/\/www.visionweb.com.ar\/index.php?rest_route=\/wp\/v2\/media\/14569"}],"wp:attachment":[{"href":"https:\/\/www.visionweb.com.ar\/index.php?rest_route=%2Fwp%2Fv2%2Fmedia&parent=14568"}],"wp:term":[{"taxonomy":"category","embeddable":true,"href":"https:\/\/www.visionweb.com.ar\/index.php?rest_route=%2Fwp%2Fv2%2Fcategories&post=14568"},{"taxonomy":"post_tag","embeddable":true,"href":"https:\/\/www.visionweb.com.ar\/index.php?rest_route=%2Fwp%2Fv2%2Ftags&post=14568"}],"curies":[{"name":"wp","href":"https:\/\/api.w.org\/{rel}","templated":true}]}}