{"id":14557,"date":"2024-05-16T09:55:10","date_gmt":"2024-05-16T12:55:10","guid":{"rendered":"https:\/\/www.visionweb.com.ar\/?p=14557"},"modified":"2024-06-04T14:51:03","modified_gmt":"2024-06-04T17:51:03","slug":"la-bancada-del-pro-bonaerense-cuestiono-al-gobernador-kicillof","status":"publish","type":"post","link":"https:\/\/www.visionweb.com.ar\/?p=14557","title":{"rendered":"La bancada del PRO Bonaerense cuestion\u00f3 al Gobernador Kicillof"},"content":{"rendered":"<p><em><strong>Las cr\u00edticas del diputado Agust\u00edn Forchieri, jefe dela bancada opositora trascendieron luego tras reuniones que\u00a0 mandatario provincial mantuviera con\u00a0 los gobernadores Maximiliano Pullaro de Santa Fe y su par de Chubut, Ignacio Torres.<\/strong><\/em>\u00a0 <!--more--><\/p>\n<div id=\"attachment_14558\" style=\"width: 310px\" class=\"wp-caption alignleft\"><img loading=\"lazy\" decoding=\"async\" aria-describedby=\"caption-attachment-14558\" class=\"wp-image-14558 size-medium\" src=\"https:\/\/www.visionweb.com.ar\/wp-content\/uploads\/2024\/05\/AGUSTIN-FORCHIERI-300x165.png\" alt=\"\" width=\"300\" height=\"165\" srcset=\"https:\/\/www.visionweb.com.ar\/wp-content\/uploads\/2024\/05\/AGUSTIN-FORCHIERI-300x165.png 300w, https:\/\/www.visionweb.com.ar\/wp-content\/uploads\/2024\/05\/AGUSTIN-FORCHIERI.png 640w\" sizes=\"auto, (max-width: 300px) 100vw, 300px\" \/><p id=\"caption-attachment-14558\" class=\"wp-caption-text\"><em><strong>Diputado (PRO), Agust\u00edn Forchieri (Imagen: Prensa HCDPBA<\/strong><\/em>)<\/p><\/div>\n<p>El jefe de la bancada del PRO, Agust\u00edn Forchieri\u00a0 apunt\u00f3 contra el gobernador Axel Kichillof\u00a0 por hablar de crisis en la provincia y al mismo tiempo \u201cregalar recursos de los bonaerenses\u201d .<\/p>\n<p>Aunque no nombr\u00f3 a Torres ni a Pullaro y se cuid\u00f3 de aclarar que \u201cnadie niega la importancia ni puede estar contra la solidaridad\u201d, el jefe de la bancada PRO bonaerense, <strong>Agust\u00edn Forcieri, \u00a0dijo que Kicillof \u201cjuega a Pap\u00e1 Noel con los recursos de todos los bonaerenses\u201d, durante una intervenci\u00f3n en la sesi\u00f3n de la c\u00e1mara Baja de hoy.<\/strong><\/p>\n<p>\u201cEl mismo gobernador que dice que la salud y la seguridad est\u00e1n en crisis en la Provincia, entrega patrulleros y ambulancias a provincias. Kicillof juega a ser Papa Noel con los recursos de los bonaerenses\u201d, se\u00f1al\u00f3 el jefe de los diputados de PRO. Kicillof viene de ceder patrulleros y ambulancias a Santa Fe y Chubut.<\/p>\n<p><strong>Desde PRO explicaron a DIB que la cr\u00edtica apunta a el doble standard<\/strong>\u00a0que encuentran en el discurso de Kicillof que viene denunciando -y planteando ante la Corte- una crisis de desfinanciamiento de Buenos Aires que atribuye al gobierno de Javier Milei y por el otro invierte recursos \u201cde todos los bonaerenses\u201d en una estrategia pol\u00edtica.<\/p>\n<p><strong>Pedido de informes<\/strong><\/p>\n<p>Al mismo tiempo, desde el bloque PRO plantearon un<strong>\u00a0pedido de informes sobre la liquidaci\u00f3n de la segunda cuota del Fondo de Fortalecimiento Fiscal Municipal<\/strong>. Argumentan que el pago no lleg\u00f3 a los intendentes de este espacio pol\u00edtico y lo ligar a la ausencia de esos alcaldes al acto en el que se anunci\u00f3 \u00a0formalmente el giro de los fondos, el lunes pasado en Casa de Gobierno.<\/p>\n<p>Los legisladores piden detalles sobre los \u201cfundamentos de la mora para transferir cuota dos, vencida el pasado 30 de abril\u201d, el \u201ccronograma de transferencias a los Municipios con la segunda cuota vencida; el \u201cdetalle e individualizaci\u00f3n de los montos a transferir a cada uno de los Municipios\u201d y el \u201cdetalle para cada uno de los Municipios, el coeficiente de actualizaci\u00f3n que se est\u00e1 aplicando para el c\u00e1lculo de las transferencias\u201d.<\/p>\n<p><em><strong>Con datos de la agencia DIB<\/strong><\/em><\/p>\n","protected":false},"excerpt":{"rendered":"<p>Las cr\u00edticas del diputado Agust\u00edn Forchieri, jefe dela bancada opositora trascendieron luego tras reuniones que\u00a0 mandatario provincial mantuviera con\u00a0 los gobernadores Maximiliano Pullaro de Santa Fe y su par de Chubut, Ignacio Torres.\u00a0<\/p>\n","protected":false},"author":3,"featured_media":14558,"comment_status":"closed","ping_status":"closed","sticky":false,"template":"","format":"standard","meta":{"_monsterinsights_skip_tracking":false,"_monsterinsights_sitenote_active":false,"_monsterinsights_sitenote_note":"","_monsterinsights_sitenote_category":0,"footnotes":""},"categories":[4],"tags":[4379,712,493,3168],"class_list":["post-14557","post","type-post","status-publish","format-standard","has-post-thumbnail","hentry","category-politica","tag-ambulancias","tag-chubut","tag-recursos","tag-santa-fe"],"_links":{"self":[{"href":"https:\/\/www.visionweb.com.ar\/index.php?rest_route=\/wp\/v2\/posts\/14557","targetHints":{"allow":["GET"]}}],"collection":[{"href":"https:\/\/www.visionweb.com.ar\/index.php?rest_route=\/wp\/v2\/posts"}],"about":[{"href":"https:\/\/www.visionweb.com.ar\/index.php?rest_route=\/wp\/v2\/types\/post"}],"author":[{"embeddable":true,"href":"https:\/\/www.visionweb.com.ar\/index.php?rest_route=\/wp\/v2\/users\/3"}],"replies":[{"embeddable":true,"href":"https:\/\/www.visionweb.com.ar\/index.php?rest_route=%2Fwp%2Fv2%2Fcomments&post=14557"}],"version-history":[{"count":4,"href":"https:\/\/www.visionweb.com.ar\/index.php?rest_route=\/wp\/v2\/posts\/14557\/revisions"}],"predecessor-version":[{"id":14562,"href":"https:\/\/www.visionweb.com.ar\/index.php?rest_route=\/wp\/v2\/posts\/14557\/revisions\/14562"}],"wp:featuredmedia":[{"embeddable":true,"href":"https:\/\/www.visionweb.com.ar\/index.php?rest_route=\/wp\/v2\/media\/14558"}],"wp:attachment":[{"href":"https:\/\/www.visionweb.com.ar\/index.php?rest_route=%2Fwp%2Fv2%2Fmedia&parent=14557"}],"wp:term":[{"taxonomy":"category","embeddable":true,"href":"https:\/\/www.visionweb.com.ar\/index.php?rest_route=%2Fwp%2Fv2%2Fcategories&post=14557"},{"taxonomy":"post_tag","embeddable":true,"href":"https:\/\/www.visionweb.com.ar\/index.php?rest_route=%2Fwp%2Fv2%2Ftags&post=14557"}],"curies":[{"name":"wp","href":"https:\/\/api.w.org\/{rel}","templated":true}]}}