{"id":14550,"date":"2024-05-16T08:41:34","date_gmt":"2024-05-16T11:41:34","guid":{"rendered":"https:\/\/www.visionweb.com.ar\/?p=14550"},"modified":"2024-05-16T08:50:21","modified_gmt":"2024-05-16T11:50:21","slug":"como-quedan-los-sueldos-de-los-jubilados","status":"publish","type":"post","link":"https:\/\/www.visionweb.com.ar\/?p=14550","title":{"rendered":"C\u00f3mo quedan los sueldos para los jubilados"},"content":{"rendered":"<p><em><strong>El pr\u00f3ximo ajuste de los haberes percibidos por los jubilados se har\u00e1 con los datos de la inflaci\u00f3n abril.<\/strong><\/em><!--more--><\/p>\n<p><img loading=\"lazy\" decoding=\"async\" class=\"size-full wp-image-6887 alignright\" src=\"https:\/\/www.visionweb.com.ar\/wp-content\/uploads\/2022\/08\/jubilados-anses.bmp\" alt=\"\" width=\"637\" height=\"348\" \/>Luego del dato de inflaci\u00f3n de abril, que fue del 8,8%, se activ\u00f3 el aumento que los jubilados y pensionados de la ANSES que percibir\u00e1n en junio.<\/p>\n<p>De acuerdo a la f\u00f3rmula de movilidad jubilatoria que estableci\u00f3 el DNU 274, el haber m\u00ednimo alcanzar\u00e1 los $206.874,06 en el sexto mes del a\u00f1o y a\u00fan no est\u00e1 definido si se mantendr\u00e1 el bono de hasta $70.000 para los que menos ganan o si se elevar\u00e1.<\/p>\n<p>\u00bfC\u00d3MO QUEDAN?<br \/>\nLa jubilaci\u00f3n m\u00ednima: en junio, sin bono $206.874,06<br \/>\nLa jubilaci\u00f3n m\u00e1xima: en junio $1.392.066,54<br \/>\nLa prestaci\u00f3n universal de adultos mayores (PUAM): en junio sin bono $165.499,25<br \/>\nLas pensiones no contributivas (PNC): en junio sin bono $144.811,85.<br \/>\nLa Prestaci\u00f3n B\u00e1sica Universal (PBU): $94.635,45.<br \/>\nVale recordar que en junio, en la fecha en que cobran sus haberes mensuales, los jubilados y pensionados tambi\u00e9n recibir\u00e1n la primera cuota del aguinaldo.<\/p>\n<p>No obstante, aun queda pendiente definir la f\u00f3rmula que por ley se aplicar\u00e1 a los jubilados, una vez que el Congreso apruebe el proyecto de Ley de Bases. <strong>(VW)<\/strong><\/p>\n","protected":false},"excerpt":{"rendered":"<p>El pr\u00f3ximo ajuste de los haberes percibidos por los jubilados se har\u00e1 con los datos de la inflaci\u00f3n abril.<\/p>\n","protected":false},"author":3,"featured_media":6887,"comment_status":"closed","ping_status":"closed","sticky":false,"template":"","format":"standard","meta":{"_monsterinsights_skip_tracking":false,"_monsterinsights_sitenote_active":false,"_monsterinsights_sitenote_note":"","_monsterinsights_sitenote_category":0,"footnotes":""},"categories":[5],"tags":[62,77,569,774],"class_list":["post-14550","post","type-post","status-publish","format-standard","has-post-thumbnail","hentry","category-sociedad","tag-ajustes","tag-inflacion","tag-jubilados","tag-junio"],"_links":{"self":[{"href":"https:\/\/www.visionweb.com.ar\/index.php?rest_route=\/wp\/v2\/posts\/14550","targetHints":{"allow":["GET"]}}],"collection":[{"href":"https:\/\/www.visionweb.com.ar\/index.php?rest_route=\/wp\/v2\/posts"}],"about":[{"href":"https:\/\/www.visionweb.com.ar\/index.php?rest_route=\/wp\/v2\/types\/post"}],"author":[{"embeddable":true,"href":"https:\/\/www.visionweb.com.ar\/index.php?rest_route=\/wp\/v2\/users\/3"}],"replies":[{"embeddable":true,"href":"https:\/\/www.visionweb.com.ar\/index.php?rest_route=%2Fwp%2Fv2%2Fcomments&post=14550"}],"version-history":[{"count":2,"href":"https:\/\/www.visionweb.com.ar\/index.php?rest_route=\/wp\/v2\/posts\/14550\/revisions"}],"predecessor-version":[{"id":14552,"href":"https:\/\/www.visionweb.com.ar\/index.php?rest_route=\/wp\/v2\/posts\/14550\/revisions\/14552"}],"wp:featuredmedia":[{"embeddable":true,"href":"https:\/\/www.visionweb.com.ar\/index.php?rest_route=\/wp\/v2\/media\/6887"}],"wp:attachment":[{"href":"https:\/\/www.visionweb.com.ar\/index.php?rest_route=%2Fwp%2Fv2%2Fmedia&parent=14550"}],"wp:term":[{"taxonomy":"category","embeddable":true,"href":"https:\/\/www.visionweb.com.ar\/index.php?rest_route=%2Fwp%2Fv2%2Fcategories&post=14550"},{"taxonomy":"post_tag","embeddable":true,"href":"https:\/\/www.visionweb.com.ar\/index.php?rest_route=%2Fwp%2Fv2%2Ftags&post=14550"}],"curies":[{"name":"wp","href":"https:\/\/api.w.org\/{rel}","templated":true}]}}