{"id":14547,"date":"2024-05-16T08:32:13","date_gmt":"2024-05-16T11:32:13","guid":{"rendered":"https:\/\/www.visionweb.com.ar\/?p=14547"},"modified":"2024-05-16T08:32:13","modified_gmt":"2024-05-16T11:32:13","slug":"el-municipio-de-lanus-lanzo-el-nuevo-modelo-de-atencion-integral","status":"publish","type":"post","link":"https:\/\/www.visionweb.com.ar\/?p=14547","title":{"rendered":"El Municipio de Lan\u00fas lanz\u00f3 el nuevo modelo de atenci\u00f3n integral"},"content":{"rendered":"<p><em><strong>Tambi\u00e9n inaugur\u00f3 el Centro de Atenci\u00f3n Vecinal. En el nuevo CAV los vecinos y vecinas podr\u00e1n gestionar diferentes tr\u00e1mites municipales.<\/strong><\/em><!--more--><\/p>\n<div id=\"attachment_14548\" style=\"width: 310px\" class=\"wp-caption alignright\"><img loading=\"lazy\" decoding=\"async\" aria-describedby=\"caption-attachment-14548\" class=\"wp-image-14548 size-medium\" src=\"https:\/\/www.visionweb.com.ar\/wp-content\/uploads\/2024\/05\/CAV-Monte-Chingolo-300x200.jpg\" alt=\"\" width=\"300\" height=\"200\" srcset=\"https:\/\/www.visionweb.com.ar\/wp-content\/uploads\/2024\/05\/CAV-Monte-Chingolo-300x200.jpg 300w, https:\/\/www.visionweb.com.ar\/wp-content\/uploads\/2024\/05\/CAV-Monte-Chingolo.jpg 640w\" sizes=\"auto, (max-width: 300px) 100vw, 300px\" \/><p id=\"caption-attachment-14548\" class=\"wp-caption-text\"><em><strong>Monte Chingolo ya tiene su centro de atenci\u00f3n vecinal (Imagen: Prensa Lanus)<\/strong><\/em><\/p><\/div>\n<p>El Municipio de Lan\u00fas lanz\u00f3 el nuevo modelo de atenci\u00f3n integral para que los vecinos y vecinas de Lan\u00fas puedan realizar la gesti\u00f3n de tr\u00e1mites cerca de sus casas.<\/p>\n<p>En ese marco, tambi\u00e9n se inaugur\u00f3 el Centro de Atenci\u00f3n Vecinal (CAV) de Monte Chingolo, que desde ayer funciona de lunes a viernes de 7:30 a 13:30, con el fin de resolver las mismas consultas, reclamos y tr\u00e1mites que se realizan en la sede ubicada en el Palacio Municipal.<\/p>\n<p>\u201cEstamos muy contentos de hacer este anuncio que representa un verdadero cambio de paradigma si comparamos la gesti\u00f3n que queremos con la administraci\u00f3n anterior. Venimos a dar respuestas reales y concretas desde otra perspectiva, de la periferia al centro\u201d, asegur\u00f3 el intendente de Lan\u00fas Juli\u00e1n \u00c1lvarez.<\/p>\n<p>Del acto participaron tambi\u00e9n la jefa de Gabinete Nadia Burgos, la vicejefa de Gabinete Paula Romeo, la subsecretaria de Gesti\u00f3n Ciudadana Jessica Leyro, y el director general de Gesti\u00f3n y Articulaci\u00f3n Territorial Gonzalo Escalante.<\/p>\n<p>En el CAV de Monte Chingolo, ubicado en Pit\u00e1goras al 4500, los vecinos y vecinas podr\u00e1n acceder a diferentes tr\u00e1mites municipales, tales como gestiones de Espacios P\u00fablicos, pago de tasas municipales y regularizaci\u00f3n dominial, entre otros.<\/p>\n<p>Tambi\u00e9n se hicieron presentes el presidente del Honorable Concejo Deliberante de Lan\u00fas, Agust\u00edn Balladares, el diputado provincial Nicol\u00e1s Russo y los concejales Omar Galdurralde, V\u00edctor De Gennaro y Ver\u00f3nica Dell&#8217;Anna, entre otros funcionarios locales<strong>(VW)<\/strong>.<\/p>\n","protected":false},"excerpt":{"rendered":"<p>Tambi\u00e9n inaugur\u00f3 el Centro de Atenci\u00f3n Vecinal. En el nuevo CAV los vecinos y vecinas podr\u00e1n gestionar diferentes tr\u00e1mites municipales.<\/p>\n","protected":false},"author":3,"featured_media":14548,"comment_status":"closed","ping_status":"closed","sticky":false,"template":"","format":"standard","meta":{"_monsterinsights_skip_tracking":false,"_monsterinsights_sitenote_active":false,"_monsterinsights_sitenote_note":"","_monsterinsights_sitenote_category":0,"footnotes":""},"categories":[8],"tags":[6083,6084,2580,269],"class_list":["post-14547","post","type-post","status-publish","format-standard","has-post-thumbnail","hentry","category-interes-general","tag-cav","tag-gestiones","tag-monte-chingolo","tag-tramites"],"_links":{"self":[{"href":"https:\/\/www.visionweb.com.ar\/index.php?rest_route=\/wp\/v2\/posts\/14547","targetHints":{"allow":["GET"]}}],"collection":[{"href":"https:\/\/www.visionweb.com.ar\/index.php?rest_route=\/wp\/v2\/posts"}],"about":[{"href":"https:\/\/www.visionweb.com.ar\/index.php?rest_route=\/wp\/v2\/types\/post"}],"author":[{"embeddable":true,"href":"https:\/\/www.visionweb.com.ar\/index.php?rest_route=\/wp\/v2\/users\/3"}],"replies":[{"embeddable":true,"href":"https:\/\/www.visionweb.com.ar\/index.php?rest_route=%2Fwp%2Fv2%2Fcomments&post=14547"}],"version-history":[{"count":1,"href":"https:\/\/www.visionweb.com.ar\/index.php?rest_route=\/wp\/v2\/posts\/14547\/revisions"}],"predecessor-version":[{"id":14549,"href":"https:\/\/www.visionweb.com.ar\/index.php?rest_route=\/wp\/v2\/posts\/14547\/revisions\/14549"}],"wp:featuredmedia":[{"embeddable":true,"href":"https:\/\/www.visionweb.com.ar\/index.php?rest_route=\/wp\/v2\/media\/14548"}],"wp:attachment":[{"href":"https:\/\/www.visionweb.com.ar\/index.php?rest_route=%2Fwp%2Fv2%2Fmedia&parent=14547"}],"wp:term":[{"taxonomy":"category","embeddable":true,"href":"https:\/\/www.visionweb.com.ar\/index.php?rest_route=%2Fwp%2Fv2%2Fcategories&post=14547"},{"taxonomy":"post_tag","embeddable":true,"href":"https:\/\/www.visionweb.com.ar\/index.php?rest_route=%2Fwp%2Fv2%2Ftags&post=14547"}],"curies":[{"name":"wp","href":"https:\/\/api.w.org\/{rel}","templated":true}]}}