{"id":14538,"date":"2024-05-15T08:55:16","date_gmt":"2024-05-15T11:55:16","guid":{"rendered":"https:\/\/www.visionweb.com.ar\/?p=14538"},"modified":"2024-05-15T08:55:16","modified_gmt":"2024-05-15T11:55:16","slug":"no-se-aumentara-la-proxima-cuota-del-impuesto-inmobiliario-urbano","status":"publish","type":"post","link":"https:\/\/www.visionweb.com.ar\/?p=14538","title":{"rendered":"No se aumentar\u00e1 la pr\u00f3xima cuota del impuesto inmobiliario urbano"},"content":{"rendered":"<p><em><strong>As\u00ed lo inform\u00f3 el director ejecutivo de la Agencia de Recaudaci\u00f3n de la Provincia de Buenos Aires (ARBA), Cristian Girard.<\/strong><\/em><!--more--><\/p>\n<p><img loading=\"lazy\" decoding=\"async\" class=\"size-medium wp-image-10276 alignleft\" src=\"https:\/\/www.visionweb.com.ar\/wp-content\/uploads\/2023\/04\/ARBA-300x168.png\" alt=\"\" width=\"300\" height=\"168\" srcset=\"https:\/\/www.visionweb.com.ar\/wp-content\/uploads\/2023\/04\/ARBA-300x168.png 300w, https:\/\/www.visionweb.com.ar\/wp-content\/uploads\/2023\/04\/ARBA.png 647w\" sizes=\"auto, (max-width: 300px) 100vw, 300px\" \/>El gobernador Axel Kicillof decidi\u00f3 congelar la tercera cuota del Inmobiliario Urbano, algo que estaba previsto hacerlo por la inflaci\u00f3n. Este nuevo gesto del gobernador Axel Kicillof se suma al que ya hizo semanas atr\u00e1s cuando fren\u00f3 la suba de la Patente y luego del Inmobiliario Rural.<\/p>\n<p>As\u00ed lo inform\u00f3 el director ejecutivo de la Agencia de Recaudaci\u00f3n de la Provincia de Buenos Aires (ARBA), Cristian Girard, quien destac\u00f3 que por instrucci\u00f3n de Kicillof no se actualizar\u00e1 por inflaci\u00f3n el valor de la cuota 3 del Inmobiliario Urbano, cuyo vencimiento opera el pr\u00f3ximo 11 de junio.<\/p>\n<p>En un posteo en su cuenta de la red social X, el funcionario precis\u00f3 que la decisi\u00f3n se adopta en \u201cvirtud del contexto econ\u00f3mico actual tan complejo\u201d para gran parte de la poblaci\u00f3n bonaerense.<\/p>\n<p>La cuota 2 de este tributo, con vencimiento en abril, se actualiz\u00f3 en un 20%, por debajo de la inflaci\u00f3n acumulada en el bimestre correspondiente. Sin embargo, en l\u00ednea con lo definido para los impuestos Automotor e Inmobiliario Rural con vencimientos posteriores -que no fueron reajustadas-, el Gobierno provincial decidi\u00f3 no incrementar el valor de la nueva cuota del Inmobiliario Urbano.<\/p>\n<p>\u201cSeguimos trabajando para que los que m\u00e1s tienen aporten seg\u00fan su real capacidad contributiva, acompa\u00f1ando a los sectores medios y bajos que est\u00e1n sufriendo el impacto del ajuste brutal y despiadado del gobierno nacional\u201d, complet\u00f3 Girard.<\/p>\n<p>La decisi\u00f3n oficial pasa por no hacer uso de las facultades que le otorg\u00f3 la Legislatura provincial al mandatario en la Ley Impositiva 2024 para realizar actualizaciones de las cuotas por inflaci\u00f3n en todos los tributos patrimoniales.<\/p>\n<p>Cabe recordar que la ley Impositiva autoriz\u00f3 al Gobierno, m\u00e1s all\u00e1 de las subas globales respecto del a\u00f1o pasado, a actualizar las cuotas de los impuestos en relaci\u00f3n a la inflaci\u00f3n registrada en cada per\u00edodo. El martes se conoci\u00f3 que la suba de precios de abril fue del 8,8%, por lo que acumul\u00f3 64% en el primer cuatrimestre del a\u00f1o y 289,4% en los \u00faltimos doce meses<strong>(VW)<\/strong>.<\/p>\n","protected":false},"excerpt":{"rendered":"<p>As\u00ed lo inform\u00f3 el director ejecutivo de la Agencia de Recaudaci\u00f3n de la Provincia de Buenos Aires (ARBA), Cristian Girard.<\/p>\n","protected":false},"author":3,"featured_media":10276,"comment_status":"closed","ping_status":"closed","sticky":false,"template":"","format":"standard","meta":{"_monsterinsights_skip_tracking":false,"_monsterinsights_sitenote_active":false,"_monsterinsights_sitenote_note":"","_monsterinsights_sitenote_category":0,"footnotes":""},"categories":[8],"tags":[1366,58,5445],"class_list":["post-14538","post","type-post","status-publish","format-standard","has-post-thumbnail","hentry","category-interes-general","tag-arba","tag-aumento","tag-inmobiliario"],"_links":{"self":[{"href":"https:\/\/www.visionweb.com.ar\/index.php?rest_route=\/wp\/v2\/posts\/14538","targetHints":{"allow":["GET"]}}],"collection":[{"href":"https:\/\/www.visionweb.com.ar\/index.php?rest_route=\/wp\/v2\/posts"}],"about":[{"href":"https:\/\/www.visionweb.com.ar\/index.php?rest_route=\/wp\/v2\/types\/post"}],"author":[{"embeddable":true,"href":"https:\/\/www.visionweb.com.ar\/index.php?rest_route=\/wp\/v2\/users\/3"}],"replies":[{"embeddable":true,"href":"https:\/\/www.visionweb.com.ar\/index.php?rest_route=%2Fwp%2Fv2%2Fcomments&post=14538"}],"version-history":[{"count":1,"href":"https:\/\/www.visionweb.com.ar\/index.php?rest_route=\/wp\/v2\/posts\/14538\/revisions"}],"predecessor-version":[{"id":14539,"href":"https:\/\/www.visionweb.com.ar\/index.php?rest_route=\/wp\/v2\/posts\/14538\/revisions\/14539"}],"wp:featuredmedia":[{"embeddable":true,"href":"https:\/\/www.visionweb.com.ar\/index.php?rest_route=\/wp\/v2\/media\/10276"}],"wp:attachment":[{"href":"https:\/\/www.visionweb.com.ar\/index.php?rest_route=%2Fwp%2Fv2%2Fmedia&parent=14538"}],"wp:term":[{"taxonomy":"category","embeddable":true,"href":"https:\/\/www.visionweb.com.ar\/index.php?rest_route=%2Fwp%2Fv2%2Fcategories&post=14538"},{"taxonomy":"post_tag","embeddable":true,"href":"https:\/\/www.visionweb.com.ar\/index.php?rest_route=%2Fwp%2Fv2%2Ftags&post=14538"}],"curies":[{"name":"wp","href":"https:\/\/api.w.org\/{rel}","templated":true}]}}