{"id":14527,"date":"2024-05-14T09:15:35","date_gmt":"2024-05-14T12:15:35","guid":{"rendered":"https:\/\/www.visionweb.com.ar\/?p=14527"},"modified":"2024-05-14T09:17:20","modified_gmt":"2024-05-14T12:17:20","slug":"kicillof-no-firmara-el-pacto-de-mayo","status":"publish","type":"post","link":"https:\/\/www.visionweb.com.ar\/?p=14527","title":{"rendered":"KIcillof no firmar\u00e1 el Pacto de Mayo"},"content":{"rendered":"<p><em><strong>Asegur\u00f3 que es por el retiro de fondos \u00abHubiera concurrido si el Presidente nos diera a las provincias lo que corresponde\u00bb, dijo el gobernador.\u00a0<\/strong><\/em><!--more--><\/p>\n<p><img loading=\"lazy\" decoding=\"async\" class=\"size-medium wp-image-13509 alignright\" src=\"https:\/\/www.visionweb.com.ar\/wp-content\/uploads\/2024\/02\/Kicillof-gob-300x182.png\" alt=\"\" width=\"300\" height=\"182\" srcset=\"https:\/\/www.visionweb.com.ar\/wp-content\/uploads\/2024\/02\/Kicillof-gob-300x182.png 300w, https:\/\/www.visionweb.com.ar\/wp-content\/uploads\/2024\/02\/Kicillof-gob.png 539w\" sizes=\"auto, (max-width: 300px) 100vw, 300px\" \/>El gobernador de la provincia de Buenos Aires,\u00a0<strong>Axel Kicillof<\/strong>, ratific\u00f3 este lunes que no estar\u00e1 presente durante la firma del\u00a0<strong>Pacto de Mayo<\/strong>, convocada por el presidente\u00a0<strong>Javier Milei<\/strong>, por lo que se suma a otros mandatarios que tambi\u00e9n dir\u00e1n ausente.<\/p>\n<p>\u201c<strong>Me hubiera gustado y hubiera concurrido si el Presidente de la Naci\u00f3n nos diera a las provincias lo que les corresponde<\/strong>. Lo hemos reclamado en todos los foros posible, esta firma me encantar\u00eda que se haga con los fondos que le corresponden a las provincias\u201d, asegur\u00f3 Kicillof en un acto en el que se firm\u00f3\u00a0<a href=\"https:\/\/dib.com.ar\/2024\/05\/la-provincia-formalizo-la-transferencia-de-37-549-millones-para-los-135-municipios\/\"><strong>el segundo desembolso del Fondo de Fortalecimiento Fiscal Municipal,<\/strong><\/a>\u00a0que asciende a $37.549 millones para los 135 distritos.<\/p>\n<p>De esta manera, el bonaerense se suma al rechazo de sus pares\u00a0<strong>Ricardo Quintela, de La Rioja; Sergio Ziliotto, de La Pampa; Gustavo Melella, de Tierra del Fuego; y Gildo Insfr\u00e1n, de Formosa, quienes tambi\u00e9n adelantaron su ausencia en C\u00f3rdoba<\/strong>.<\/p>\n<p>Kicillof se\u00f1al\u00f3 que la convocatoria al s\u00e1bado 25 de mayo, para firmar un acuerdo en torno a diez puntos, es una idea que carece de federalismo debido a la decisi\u00f3n del Presidente de que la coparticipaci\u00f3n deje de existir.<\/p>\n<h4 style=\"text-align: center;\"><span style=\"color: #0000ff;\"><em><strong>Ya son cinco los gobernadores que no asistir\u00e1n a la firma del Pacto de Mayo<\/strong><\/em><\/span><\/h4>\n<p>Adem\u00e1s, plante\u00f3 que en los posicionamientos del actual Gobierno, el federalismo no existe. \u201cEs algo que nunca se vio en toda la historia argentina. El Gobierno piensa que su \u00fanica responsabilidad es con la macroeconom\u00eda, o con los acreedores extranjeros, algunos aspectos de la geopol\u00edtica, o el sector financiero que reside en la Capital Federal, o con importadores, millonarios extranjeros\u201d, agreg\u00f3 ante la mirada y aplausos de parte de su Gabinete e intendentes bonaerenses.<\/p>\n<p>Kicillof remarc\u00f3 que las obligaciones del Poder Ejecutivo son con los 47 millones de argentinos, a trav\u00e9s de las obligaciones y atribuciones otorgadas por la Constituci\u00f3n Nacional. \u201c<strong>Estamos observando una ca\u00edda muy fuerte de los recursos en todas las provincias,<\/strong>\u00a0de un lado las transferencias no autom\u00e1ticas que el gobierno efectuaba en todas las provincias. Digo con propiedad y con rigor, transferencias no autom\u00e1ticas, que al Gobierno le gusta llamar discrecionales\u201d, remarc\u00f3.<\/p>\n<p>En esa l\u00ednea, se refiri\u00f3 a la eliminaci\u00f3n del\u00a0<strong>Fondo de Incentivo Docentes y el Fondo Compensador del Transporte<\/strong>. \u201cUno quiere que le vaya bien, no solamente al gobierno, al pueblo, a nuestra industria, a los productores, a los chicos, a ellos les tiene que ir bien tambi\u00e9n y por eso vamos a trabajar incansablemente\u201d, sentenci\u00f3.<\/p>\n<p>De esta manera, el gobernador bonaerense apunt\u00f3 a la gesti\u00f3n de Milei por haber \u201cacortado fondos de todo tipo\u201d, que hist\u00f3ricamente se destinaban a las provincias. \u201cPretenden no solo ajustar y achicar, sino desmantelar al Estado. Ha dicho ya que vino a destruir el Estado, que lo considera una organizaci\u00f3n criminal. Esta provincia de Buenos repite que es criminal es abandonar a la gente, desertar a las funciones b\u00e1sicas del Estado, ajustar sin miramientos, olvidarse que hay un pueblo con derechos y necesidades\u201d, concluy\u00f3. Y prometi\u00f3 \u201camortiguar\u201d los efectos de las pol\u00edticas econ\u00f3micas del libertario<strong>(VW)<\/strong>.<\/p>\n<p><strong>Con datos de agencia DIB<\/strong><\/p>\n<p>&nbsp;<\/p>\n","protected":false},"excerpt":{"rendered":"<p>Asegur\u00f3 que es por el retiro de fondos \u00abHubiera concurrido si el Presidente nos diera a las provincias lo que corresponde\u00bb, dijo el gobernador.\u00a0<\/p>\n","protected":false},"author":3,"featured_media":13509,"comment_status":"closed","ping_status":"closed","sticky":false,"template":"","format":"standard","meta":{"_monsterinsights_skip_tracking":false,"_monsterinsights_sitenote_active":false,"_monsterinsights_sitenote_note":"","_monsterinsights_sitenote_category":0,"footnotes":""},"categories":[4],"tags":[1010,167,6075],"class_list":["post-14527","post","type-post","status-publish","format-standard","has-post-thumbnail","hentry","category-politica","tag-fondos","tag-kicillof","tag-pacto"],"_links":{"self":[{"href":"https:\/\/www.visionweb.com.ar\/index.php?rest_route=\/wp\/v2\/posts\/14527","targetHints":{"allow":["GET"]}}],"collection":[{"href":"https:\/\/www.visionweb.com.ar\/index.php?rest_route=\/wp\/v2\/posts"}],"about":[{"href":"https:\/\/www.visionweb.com.ar\/index.php?rest_route=\/wp\/v2\/types\/post"}],"author":[{"embeddable":true,"href":"https:\/\/www.visionweb.com.ar\/index.php?rest_route=\/wp\/v2\/users\/3"}],"replies":[{"embeddable":true,"href":"https:\/\/www.visionweb.com.ar\/index.php?rest_route=%2Fwp%2Fv2%2Fcomments&post=14527"}],"version-history":[{"count":2,"href":"https:\/\/www.visionweb.com.ar\/index.php?rest_route=\/wp\/v2\/posts\/14527\/revisions"}],"predecessor-version":[{"id":14529,"href":"https:\/\/www.visionweb.com.ar\/index.php?rest_route=\/wp\/v2\/posts\/14527\/revisions\/14529"}],"wp:featuredmedia":[{"embeddable":true,"href":"https:\/\/www.visionweb.com.ar\/index.php?rest_route=\/wp\/v2\/media\/13509"}],"wp:attachment":[{"href":"https:\/\/www.visionweb.com.ar\/index.php?rest_route=%2Fwp%2Fv2%2Fmedia&parent=14527"}],"wp:term":[{"taxonomy":"category","embeddable":true,"href":"https:\/\/www.visionweb.com.ar\/index.php?rest_route=%2Fwp%2Fv2%2Fcategories&post=14527"},{"taxonomy":"post_tag","embeddable":true,"href":"https:\/\/www.visionweb.com.ar\/index.php?rest_route=%2Fwp%2Fv2%2Ftags&post=14527"}],"curies":[{"name":"wp","href":"https:\/\/api.w.org\/{rel}","templated":true}]}}