{"id":14524,"date":"2024-05-14T08:59:55","date_gmt":"2024-05-14T11:59:55","guid":{"rendered":"https:\/\/www.visionweb.com.ar\/?p=14524"},"modified":"2024-05-14T08:59:55","modified_gmt":"2024-05-14T11:59:55","slug":"avellaneda-declaro-al-juez-ariel-lijo-ciudadano-ilustre","status":"publish","type":"post","link":"https:\/\/www.visionweb.com.ar\/?p=14524","title":{"rendered":"Avellaneda declar\u00f3 al juez Ariel Lijo \u00abCiudadano ilustre\u00bb"},"content":{"rendered":"<p><em><strong>La distinci\u00f3n fue impulsada por el oficialismo y cont\u00f3 con el apoyo de la Libertad Avanza. Juntos por el Cambio se abstuvo. La C\u00e1mpora y Nuevo Encuentro se ausentaron.<\/strong><\/em><!--more--><\/p>\n<p><img loading=\"lazy\" decoding=\"async\" class=\"size-medium wp-image-14525 alignright\" src=\"https:\/\/www.visionweb.com.ar\/wp-content\/uploads\/2024\/05\/CD-AVELLANEDA-300x168.png\" alt=\"\" width=\"300\" height=\"168\" srcset=\"https:\/\/www.visionweb.com.ar\/wp-content\/uploads\/2024\/05\/CD-AVELLANEDA-300x168.png 300w, https:\/\/www.visionweb.com.ar\/wp-content\/uploads\/2024\/05\/CD-AVELLANEDA.png 640w\" sizes=\"auto, (max-width: 300px) 100vw, 300px\" \/>La \u00faltima sesi\u00f3n ordinaria del Concejo Deliberante de Avellaneda declar\u00f3 como <strong>Ciudadano Ilustre de ese distrito al pol\u00e9mico juez federal Ariel Lijo, <\/strong>un proyecto impulsado por el oficialismo cont\u00f3 con los votos de los concejales que responden al intendente Jorge Ferraresi y del bloque de La Libertad Avanza.<\/p>\n<p>Nacido en Villa Dom\u00ednico,\u00a0<strong>Lijo es uno de los jueces propuestos por el presidente Javier Milei para integrar la Corte Suprema<\/strong>.<\/p>\n<p>La designaci\u00f3n del Juez Federal como como ciudadano ilustre, gener\u00f3 una verdadera pol\u00e9mica en el cuerpo deliberativo avellanedense, porque el bloque identificado como La C\u00e1pora y Nuevo Encuentro se ausentaron y Juntos por el Cambio dio quorum, pero se abstuvo en la votaci\u00f3n<\/p>\n<p>Este escenario es consecuencia de la interna del peronismo en Avellaneda entre el intendente Ferraresi, alineado con el gobernador Axel Kicillof, contra <strong>La C\u00e1mpora referenciada en el senador provincial Emmanuel Gonz\u00e1lez Santalla, quien con el aval de M\u00e1ximo Kirchner, busca disputar la intendencia<\/strong>.<\/p>\n<p>Tras la sesi\u00f3n el jefe de la bancada de Uni\u00f3n por la Patria en el Deliberante de Avellaneda, Jos\u00e9 Alessi, pese a que vot\u00f3 el reconocimiento, aclar\u00f3: <strong>\u201cNo estamos eligiendo al \u2018juez ilustre\u2019, porque el an\u00e1lisis del desempe\u00f1o de un juez siempre ser\u00e1 controversial. Estamos eligiendo al Ciudadano Ilustre\u00a0<\/strong>y Lijo es merecedor de serlo\u201d.<\/p>\n<p>\u201cTambi\u00e9n votamos por unanimidad la denominaci\u00f3n del Parque Arturo Illia y eso no implica que seamos todos radicales\u201d, exager\u00f3.<\/p>\n<p>Por su parte, la concejal de la Coalici\u00f3n C\u00edvica Berta N\u00fa\u00f1ez afirm\u00f3 que \u201cqued\u00f3 claramente demostrado\u00a0<strong>el acuerdo entre el kirchnerismo y la Libertad Avanza,\u00a0<\/strong>que declararon \u2018Ciudadano Ilustre\u2019 al juez Ariel Oscar Lijo\u201d.<\/p>\n<p>\u201cEn esta l\u00ednea, el intendente Jorge\u00a0<strong>Ferraresi decidi\u00f3 modificar y establecer el nuevo R\u00e9gimen de Honores de la Ciudad de Avellaneda para nombrarlo \u2018Ciudadano Ilustre\u2019,\u00a0<\/strong>un elemento necesario para mantener sin riesgo las actuales y potenciales causas\u201d, denunci\u00f3.<\/p>\n<p>Por su parte, el presidente del bloque de La Libertad Avanza,\u00a0<strong>Arnaldo Pepo D\u00edaz, sin ponerse colorado, agradeci\u00f3 al oficialismo local por acompa\u00f1ar la propuesta<\/strong> de Javier Milei a la Corte y reconocer a un juez que \u201cjuzg\u00f3 a Cristina Fern\u00e1ndez de Kirchner\u201d<strong>(VW)<\/strong>.<\/p>\n<p>&nbsp;<\/p>\n","protected":false},"excerpt":{"rendered":"<p>La distinci\u00f3n fue impulsada por el oficialismo y cont\u00f3 con el apoyo de la Libertad Avanza. Juntos por el Cambio se abstuvo. La C\u00e1mpora y Nuevo Encuentro se ausentaron.<\/p>\n","protected":false},"author":3,"featured_media":14525,"comment_status":"closed","ping_status":"closed","sticky":false,"template":"","format":"standard","meta":{"_monsterinsights_skip_tracking":false,"_monsterinsights_sitenote_active":false,"_monsterinsights_sitenote_note":"","_monsterinsights_sitenote_category":0,"footnotes":""},"categories":[4],"tags":[83,6074,1862,6073],"class_list":["post-14524","post","type-post","status-publish","format-standard","has-post-thumbnail","hentry","category-politica","tag-avellaneda","tag-ciudadano","tag-concejo-deliberante","tag-lijo"],"_links":{"self":[{"href":"https:\/\/www.visionweb.com.ar\/index.php?rest_route=\/wp\/v2\/posts\/14524","targetHints":{"allow":["GET"]}}],"collection":[{"href":"https:\/\/www.visionweb.com.ar\/index.php?rest_route=\/wp\/v2\/posts"}],"about":[{"href":"https:\/\/www.visionweb.com.ar\/index.php?rest_route=\/wp\/v2\/types\/post"}],"author":[{"embeddable":true,"href":"https:\/\/www.visionweb.com.ar\/index.php?rest_route=\/wp\/v2\/users\/3"}],"replies":[{"embeddable":true,"href":"https:\/\/www.visionweb.com.ar\/index.php?rest_route=%2Fwp%2Fv2%2Fcomments&post=14524"}],"version-history":[{"count":1,"href":"https:\/\/www.visionweb.com.ar\/index.php?rest_route=\/wp\/v2\/posts\/14524\/revisions"}],"predecessor-version":[{"id":14526,"href":"https:\/\/www.visionweb.com.ar\/index.php?rest_route=\/wp\/v2\/posts\/14524\/revisions\/14526"}],"wp:featuredmedia":[{"embeddable":true,"href":"https:\/\/www.visionweb.com.ar\/index.php?rest_route=\/wp\/v2\/media\/14525"}],"wp:attachment":[{"href":"https:\/\/www.visionweb.com.ar\/index.php?rest_route=%2Fwp%2Fv2%2Fmedia&parent=14524"}],"wp:term":[{"taxonomy":"category","embeddable":true,"href":"https:\/\/www.visionweb.com.ar\/index.php?rest_route=%2Fwp%2Fv2%2Fcategories&post=14524"},{"taxonomy":"post_tag","embeddable":true,"href":"https:\/\/www.visionweb.com.ar\/index.php?rest_route=%2Fwp%2Fv2%2Ftags&post=14524"}],"curies":[{"name":"wp","href":"https:\/\/api.w.org\/{rel}","templated":true}]}}