{"id":14509,"date":"2024-05-10T17:07:46","date_gmt":"2024-05-10T20:07:46","guid":{"rendered":"https:\/\/www.visionweb.com.ar\/?p=14509"},"modified":"2024-05-10T17:07:46","modified_gmt":"2024-05-10T20:07:46","slug":"prepagas-marcha-atras-con-la-devolucion-de-lo-que-cobraron-de-mas-a-sus-afiliados","status":"publish","type":"post","link":"https:\/\/www.visionweb.com.ar\/?p=14509","title":{"rendered":"Prepagas: Marcha atr\u00e1s con la devoluci\u00f3n de lo que cobraron de m\u00e1s a sus afiliados"},"content":{"rendered":"<p><strong><em>Se suspendi\u00f3 el plazo de 5 d\u00edas para presentar un plan de devoluci\u00f3n del excedente del aumento autorizado en las cuotas, que fue del 114% entre diciembre y mayo. Ahora congelaron el plazo para efectivizarlo al menos hasta el 27 de mayo. Incertidumbre sobre si finalmente se concretar\u00e1 la devoluci\u00f3n.<\/em><\/strong><!--more--><\/p>\n<p><strong>\u00a0\u00a0 <img loading=\"lazy\" decoding=\"async\" class=\"size-medium wp-image-11668 alignright\" src=\"https:\/\/www.visionweb.com.ar\/wp-content\/uploads\/2023\/09\/a-prepagas-300x141.png\" alt=\"\" width=\"300\" height=\"141\" srcset=\"https:\/\/www.visionweb.com.ar\/wp-content\/uploads\/2023\/09\/a-prepagas-300x141.png 300w, https:\/\/www.visionweb.com.ar\/wp-content\/uploads\/2023\/09\/a-prepagas.png 419w\" sizes=\"auto, (max-width: 300px) 100vw, 300px\" \/> L<\/strong>a justicia federal <strong>suspendi\u00f3 hoy el plazo de cinco d\u00edas h\u00e1biles que hab\u00eda fijado para que las compa\u00f1\u00edas de medicina prepaga devuelvan a los usuarios<\/strong> los montos que hab\u00eda cobrado por encima de la inflaci\u00f3n desde diciembre a este mes.<\/p>\n<p>La novedad surge de una resoluci\u00f3n dictada por el Juez Federal en lo Civil y Comercial 3 Juan Rafael Stinco, quien llam\u00f3 a una audiencia de conciliaci\u00f3n entre las empresas y el Poder Ejecutivo para el pr\u00f3ximo 27 de mayo.<\/p>\n<p>Como <strong>hasta ese momento se suspenden los plazos procesales<\/strong>, las empresas tampoco estar\u00e1n obligadas a presentar el plan de devoluci\u00f3n de lo que cobraron por encima de aumento autorizado del 114% entre diciembre y mayo.<\/p>\n<p>En ese marco, qued\u00f3 inconclusa la posibilidad de que esa devoluci\u00f3n se efectivice concretamente: el tema <strong>se debatir\u00e1, justamente el 27 de mayo en la audiencia<\/strong>.<\/p>\n<p><img loading=\"lazy\" decoding=\"async\" class=\"size-medium wp-image-39 alignleft\" src=\"https:\/\/www.visionweb.com.ar\/wp-content\/uploads\/2020\/07\/SOCIEDAD-MEDICOS-SALUD-300x150.png\" alt=\"\" width=\"300\" height=\"150\" srcset=\"https:\/\/www.visionweb.com.ar\/wp-content\/uploads\/2020\/07\/SOCIEDAD-MEDICOS-SALUD-300x150.png 300w, https:\/\/www.visionweb.com.ar\/wp-content\/uploads\/2020\/07\/SOCIEDAD-MEDICOS-SALUD.png 640w\" sizes=\"auto, (max-width: 300px) 100vw, 300px\" \/>\u00a0\u201cAtento a las m\u00faltiples peticiones formuladas y las razones esgrimidas, dentro del marco de la ejecuci\u00f3n de la medida cautelar dictada con fecha 03.05.2024 y el efecto propio de su apelaci\u00f3n (art. 198 del CPCCN), conv\u00f3quese a las partes a la audiencia que se fija en los t\u00e9rminos del art. 36 del CPCC para el d\u00eda 27 de mayo de corriente a\u00f1o, a las 10:00 horas\u201d, resolvi\u00f3 el juez en un breve oficio enviado a las partes,al que accedi\u00f3 Infobae.<\/p>\n<p>La causa se inici\u00f3 por una presentaci\u00f3n de la <strong>Superintendencia de Servicios de Salud (SSS)<\/strong> para que la justicia le ordene a las prepagas retrotraer sus aumentos a diciembre, que se fije un \u00edndice de aumento y que devuelvan el excedente cobrado. La decisi\u00f3n de suspender los aumentos ya hab\u00eda sido tomada por el gobierno de manera administrativa por seis meses al considerar que las empresas se hab\u00edan cartelizado en los precios.<\/p>\n<p>El viernes pasado el juez Stinco hizo lugar al planteo de la SSS y dict\u00f3 una medida cautelar por la cual dispuso que las empresas de medicina prepaga que \u201cretrotraigan el monto de los valores a las cuotas vigentes al mes de diciembre de 2023\u2033 y que actualicen los valores \u201cde conformidad con el \u00cdndice de Precios al Consumidor que elabora mensualmente el Instituto Nacional de Estad\u00edsticas y Censos\u201d.<\/p>\n<p>Tambi\u00e9n que las empresas devuelvan el excedente cobrado con \u201cun cr\u00e9dito a favor de cada uno de ellos\u201d. Para eso, el juez le dio un plazo de cinco d\u00edas a cada empresa para que presenten \u201cun plan de acci\u00f3n para efectivizar la devoluci\u00f3n dineraria\u201d. Si no lo hacen, las compa\u00f1\u00edas fueron advertidas de que se tomar\u00e1n \u201clas medidas necesarias tendientes a lograr su cumplimiento\u201d. Hoy esa decisi\u00f3n qued\u00f3 suspendida. <strong>(VW)<\/strong><\/p>\n<p>&nbsp;<\/p>\n","protected":false},"excerpt":{"rendered":"<p>Se suspendi\u00f3 el plazo de 5 d\u00edas para presentar un plan de devoluci\u00f3n del excedente del aumento autorizado en las cuotas, que fue del 114% entre diciembre y mayo. Ahora congelaron el plazo para&#46;&#46;&#46;<\/p>\n","protected":false},"author":4,"featured_media":39,"comment_status":"closed","ping_status":"closed","sticky":false,"template":"","format":"standard","meta":{"_monsterinsights_skip_tracking":false,"_monsterinsights_sitenote_active":false,"_monsterinsights_sitenote_note":"","_monsterinsights_sitenote_category":0,"footnotes":""},"categories":[8,4],"tags":[6065,695,6066,3283],"class_list":["post-14509","post","type-post","status-publish","format-standard","has-post-thumbnail","hentry","category-interes-general","category-politica","tag-devolucion-por-exceso-de-aumentos","tag-justicia-federal","tag-plan-de-devolucion-suspendido","tag-prepagas"],"_links":{"self":[{"href":"https:\/\/www.visionweb.com.ar\/index.php?rest_route=\/wp\/v2\/posts\/14509","targetHints":{"allow":["GET"]}}],"collection":[{"href":"https:\/\/www.visionweb.com.ar\/index.php?rest_route=\/wp\/v2\/posts"}],"about":[{"href":"https:\/\/www.visionweb.com.ar\/index.php?rest_route=\/wp\/v2\/types\/post"}],"author":[{"embeddable":true,"href":"https:\/\/www.visionweb.com.ar\/index.php?rest_route=\/wp\/v2\/users\/4"}],"replies":[{"embeddable":true,"href":"https:\/\/www.visionweb.com.ar\/index.php?rest_route=%2Fwp%2Fv2%2Fcomments&post=14509"}],"version-history":[{"count":1,"href":"https:\/\/www.visionweb.com.ar\/index.php?rest_route=\/wp\/v2\/posts\/14509\/revisions"}],"predecessor-version":[{"id":14510,"href":"https:\/\/www.visionweb.com.ar\/index.php?rest_route=\/wp\/v2\/posts\/14509\/revisions\/14510"}],"wp:featuredmedia":[{"embeddable":true,"href":"https:\/\/www.visionweb.com.ar\/index.php?rest_route=\/wp\/v2\/media\/39"}],"wp:attachment":[{"href":"https:\/\/www.visionweb.com.ar\/index.php?rest_route=%2Fwp%2Fv2%2Fmedia&parent=14509"}],"wp:term":[{"taxonomy":"category","embeddable":true,"href":"https:\/\/www.visionweb.com.ar\/index.php?rest_route=%2Fwp%2Fv2%2Fcategories&post=14509"},{"taxonomy":"post_tag","embeddable":true,"href":"https:\/\/www.visionweb.com.ar\/index.php?rest_route=%2Fwp%2Fv2%2Ftags&post=14509"}],"curies":[{"name":"wp","href":"https:\/\/api.w.org\/{rel}","templated":true}]}}