{"id":14506,"date":"2024-05-10T16:52:35","date_gmt":"2024-05-10T19:52:35","guid":{"rendered":"https:\/\/www.visionweb.com.ar\/?p=14506"},"modified":"2024-05-10T16:52:35","modified_gmt":"2024-05-10T19:52:35","slug":"tren-san-martin-choco-y-descarrilo-una-formacion-esta-manana","status":"publish","type":"post","link":"https:\/\/www.visionweb.com.ar\/?p=14506","title":{"rendered":"Tren San Mart\u00edn: Choc\u00f3 y descarril\u00f3 una formaci\u00f3n esta ma\u00f1ana"},"content":{"rendered":"<p><em><strong>Una formaci\u00f3n del Tren San Mart\u00edn descarril\u00f3 y choc\u00f3 en el barrio porte\u00f1o de Palermo en la ma\u00f1ana de este viernes.\u00a0<\/strong><\/em><!--more--><\/p>\n<p><img loading=\"lazy\" decoding=\"async\" class=\"size-medium wp-image-14507 alignright\" src=\"https:\/\/www.visionweb.com.ar\/wp-content\/uploads\/2024\/05\/choque-de-trenes-san-martin-300x200.png\" alt=\"\" width=\"300\" height=\"200\" srcset=\"https:\/\/www.visionweb.com.ar\/wp-content\/uploads\/2024\/05\/choque-de-trenes-san-martin-300x200.png 300w, https:\/\/www.visionweb.com.ar\/wp-content\/uploads\/2024\/05\/choque-de-trenes-san-martin.png 497w\" sizes=\"auto, (max-width: 300px) 100vw, 300px\" \/>\u00a0 <strong>U<\/strong>na formaci\u00f3n de la l\u00ednea del <strong>tren San Mart\u00edn<\/strong> descarril\u00f3 y choc\u00f3 esta ma\u00f1ana en el barrio porte\u00f1o de Palermo, lo cual produjo que<strong> 90 personas fueron asistidas, 30 de las cuales fueron trasladadas con c\u00f3digo rojo<\/strong>.<\/p>\n<p>Trenes Argentinos emiti\u00f3 un informe oficial en el que detall\u00f3 que<strong> \u00abUna formaci\u00f3n -con siete coches- de la l\u00ednea San Mart\u00edn colision\u00f3 con una locomotora y un coche furg\u00f3n vac\u00edo, a las 10.31, en el kil\u00f3metro 4,900 &#8211; a la altura de la avenida Alcorta- sobre el viaducto Palermo\u00bb<\/strong>. La formaci\u00f3n se dirig\u00eda desde Retiro con destino hacia Pilar y colision\u00f3 contra otra que estaba vac\u00eda.<\/p>\n<p>El <strong>dr. Alberto Crescenti<\/strong>, titular del SAME, precis\u00f3 que fueron 90 los pasajeros asistidos esta ma\u00f1ana, tras el siniestro. De ese total, 30 fueron trasladados con c\u00f3digo rojo<strong>. <\/strong>Dos de ellos ten\u00edan traumatismo de cr\u00e1neo y fueron trasladados en helic\u00f3ptero\u00a0al hospital Santojanni de la Ciudad de Buenos Aires.<\/p>\n<p><strong>Qu\u00e9 dijeron las autoridades sobre el choque:<\/strong><\/p>\n<p>Hasta el momento se reportaron 60 personas heridas y, del total, 30 se encuentran con heridas m\u00e1s graves, por lo que fueron trasladadas a los<strong>\u00a0hospitales Fern\u00e1ndez, Pirovano, Rivadavia, Santojanni, Durand, Torno, Ramos Mej\u00eda y Guti\u00e9rrez<\/strong>.<\/p>\n<p>El Jefe de Gobierno,\u00a0<strong>Jorge Macri<\/strong>, se acerc\u00f3 al lugar y habl\u00f3 con los medios que se encontraban all\u00ed.\u00a0<strong>\u00abNo ha habido ning\u00fan fallecido. Tenemos 60 personas asistidas, en algo de 40 minutos logramos evacuar\u00bb<\/strong>, sostuvo y agreg\u00f3: \u00abtenemos 2 c\u00f3digos rojos (traumatismo de cr\u00e1neo) que fueron trasladados en helic\u00f3ptero. Estamos muy orgullosos de como funcion\u00f3 el operativo\u00bb.<\/p>\n<p>Respecto al choque y descarrilamiento, Macri dijo: \u00abno vamos a hablar de la mec\u00e1nica del accidente, no hay informaci\u00f3n suficiente\u00bb.<\/p>\n<p>Por su parte\u00a0<strong>Alberto Crescenti<\/strong>, titular el SAME, expres\u00f3 \u201cLo principal es que no tenemos v\u00edctimas fatales, los perros han peinado los vagones m\u00e1s complicados por el impacto y no encontraron nada\u201d.<\/p>\n<p>Crescenti adem\u00e1s detall\u00f3 que de los cuatro maquinistas involucrados en el choque, s\u00f3lo uno debi\u00f3 ser hospitalizado. Adem\u00e1s, por el impacto entre las formaciones del Tren San Mart\u00edn hubo un derrame de combustible, por lo que los equipos de rescate debieron trabajar en neutralizar la sustancia para evitar mayores incidentes.<\/p>\n<p>Respecto a las causas del siniestro, Crescenti dijo que<strong>\u00a0\u201chay que esperar las pericias\u201d<\/strong>, en sinton\u00eda con lo expuesto por el jefe de gobierno porte\u00f1o.<\/p>\n<p>Omar Maturano, el secretario general del gremio <strong>La Fraternidad<\/strong>, que agrupa a los conductores de trenes, denunci\u00f3 este viernes la \u201cdegradaci\u00f3n\u201d del sistema ferroviario para vender la empresa \u201ca menor precio\u201d.<\/p>\n<p>Adem\u00e1s, cont\u00f3 que no funcionaba el sistema de se\u00f1alizaci\u00f3n de esa l\u00ednea por el robo de cables, lo que desde el gremio vienen denunciando hace d\u00edas.<\/p>\n<p>\u201cHab\u00eda una locomotora detenida sola. Se le dio v\u00eda libre escrita al conductor que ven\u00eda con pasajeros y chocaron. Hace 10 d\u00edas que estamos trabajando as\u00ed porque se roban los cables de se\u00f1alamiento, venimos reclamando que los reparen pero no hay repuestos. Hay una degradaci\u00f3n total de la empresa. No hay repuestos para se\u00f1alamientos pero tampoco para los trenes\u201d, afirm\u00f3 en declaraciones a Radio 10. <strong>(VW)<\/strong><\/p>\n<p>&nbsp;<\/p>\n","protected":false},"excerpt":{"rendered":"<p>Una formaci\u00f3n del Tren San Mart\u00edn descarril\u00f3 y choc\u00f3 en el barrio porte\u00f1o de Palermo en la ma\u00f1ana de este viernes.\u00a0<\/p>\n","protected":false},"author":4,"featured_media":14507,"comment_status":"closed","ping_status":"closed","sticky":false,"template":"","format":"standard","meta":{"_monsterinsights_skip_tracking":false,"_monsterinsights_sitenote_active":false,"_monsterinsights_sitenote_note":"","_monsterinsights_sitenote_category":0,"footnotes":""},"categories":[8],"tags":[6063,6064],"class_list":["post-14506","post","type-post","status-publish","format-standard","has-post-thumbnail","hentry","category-interes-general","tag-choque-de-trenes","tag-linea-san-martin"],"_links":{"self":[{"href":"https:\/\/www.visionweb.com.ar\/index.php?rest_route=\/wp\/v2\/posts\/14506","targetHints":{"allow":["GET"]}}],"collection":[{"href":"https:\/\/www.visionweb.com.ar\/index.php?rest_route=\/wp\/v2\/posts"}],"about":[{"href":"https:\/\/www.visionweb.com.ar\/index.php?rest_route=\/wp\/v2\/types\/post"}],"author":[{"embeddable":true,"href":"https:\/\/www.visionweb.com.ar\/index.php?rest_route=\/wp\/v2\/users\/4"}],"replies":[{"embeddable":true,"href":"https:\/\/www.visionweb.com.ar\/index.php?rest_route=%2Fwp%2Fv2%2Fcomments&post=14506"}],"version-history":[{"count":1,"href":"https:\/\/www.visionweb.com.ar\/index.php?rest_route=\/wp\/v2\/posts\/14506\/revisions"}],"predecessor-version":[{"id":14508,"href":"https:\/\/www.visionweb.com.ar\/index.php?rest_route=\/wp\/v2\/posts\/14506\/revisions\/14508"}],"wp:featuredmedia":[{"embeddable":true,"href":"https:\/\/www.visionweb.com.ar\/index.php?rest_route=\/wp\/v2\/media\/14507"}],"wp:attachment":[{"href":"https:\/\/www.visionweb.com.ar\/index.php?rest_route=%2Fwp%2Fv2%2Fmedia&parent=14506"}],"wp:term":[{"taxonomy":"category","embeddable":true,"href":"https:\/\/www.visionweb.com.ar\/index.php?rest_route=%2Fwp%2Fv2%2Fcategories&post=14506"},{"taxonomy":"post_tag","embeddable":true,"href":"https:\/\/www.visionweb.com.ar\/index.php?rest_route=%2Fwp%2Fv2%2Ftags&post=14506"}],"curies":[{"name":"wp","href":"https:\/\/api.w.org\/{rel}","templated":true}]}}