{"id":14503,"date":"2024-05-10T13:48:44","date_gmt":"2024-05-10T16:48:44","guid":{"rendered":"https:\/\/www.visionweb.com.ar\/?p=14503"},"modified":"2024-05-10T13:49:29","modified_gmt":"2024-05-10T16:49:29","slug":"lanus-pone-en-marcha-un-nuevo-programa-pediatrico-para-las-unidades-sanitarias","status":"publish","type":"post","link":"https:\/\/www.visionweb.com.ar\/?p=14503","title":{"rendered":"Lan\u00fas pone en marcha un nuevo programa pedi\u00e1trico para las Unidades Sanitarias"},"content":{"rendered":"<p><em><strong>\u00a0Son 20 los m\u00e9dicos pediatras que se sumaron en ocho Unidades Sanitarias. Atender\u00e1n con demanda espont\u00e1nea todos los d\u00edas de 8 a 20hs.<\/strong><\/em><!--more--><\/p>\n<div id=\"attachment_14504\" style=\"width: 310px\" class=\"wp-caption alignright\"><img loading=\"lazy\" decoding=\"async\" aria-describedby=\"caption-attachment-14504\" class=\"wp-image-14504 size-medium\" src=\"https:\/\/www.visionweb.com.ar\/wp-content\/uploads\/2024\/05\/El-municipoio-de-Lanus-refureza-la-atencion-pediatrica-300x200.png\" alt=\"\" width=\"300\" height=\"200\" srcset=\"https:\/\/www.visionweb.com.ar\/wp-content\/uploads\/2024\/05\/El-municipoio-de-Lanus-refureza-la-atencion-pediatrica-300x200.png 300w, https:\/\/www.visionweb.com.ar\/wp-content\/uploads\/2024\/05\/El-municipoio-de-Lanus-refureza-la-atencion-pediatrica.png 640w\" sizes=\"auto, (max-width: 300px) 100vw, 300px\" \/><p id=\"caption-attachment-14504\" class=\"wp-caption-text\"><em><strong>El municipio de Lan\u00fas refuerza la atenci\u00f3n pedi\u00e1trica en las Unidaes Sanitarias (Imagen: Prensa Lan\u00fas) <\/strong><\/em><\/p><\/div>\n<p>Las autoridades sanitarias del municipio de Lan\u00fas pusieron en marcha el nuevo programa de atenci\u00f3n pedi\u00e1trica que ya funciona en diferentes unidades sanitarias del distrito.<\/p>\n<p>Este Programa, de acuerdo a lo informado por el Municipio de Lan\u00fas, apunta a garantizar la atenci\u00f3n de patolog\u00edas de bajo riesgo en las unidades sanitarias, que permitir\u00e1 descomprimir los hospitales del distrito.<\/p>\n<p>Asimismo, se articular\u00e1 con los centros de atenci\u00f3n m\u00e1s complejos y, de ser requerido, se coordinar\u00e1 el traslado con el Servicio de Emergencias Lan\u00fas (SEL).<\/p>\n<p>Las Unidades Sanitarias que forman parte del programa son:<\/p>\n<p><strong>U.S. San Mart\u00edn<\/strong>: Corval\u00e1n 2107, Monte Chingolo.<br \/>\n<strong>U.S. Natiello:\u00a0<\/strong>Martinto 1198, Monte Chingolo.<br \/>\n<strong>U.S. 1\u00b0 de Mayo:\u00a0<\/strong>Bustamante 2355, Lan\u00fas Este.<strong><br \/>\nU.S. Valent\u00edn Alsina:\u00a0<\/strong>Paso de Burgos 777, Valent\u00edn Alsina.<br \/>\n<strong>U.S. Norgreen:\u00a0<\/strong>Marature 4114, Lan\u00fas Oeste.<br \/>\n<strong>U.S. M\u00e1spero:\u00a0<\/strong>M\u00e1spero 75, Remedios de Escalada.<br \/>\n<strong>U.S. Lan\u00fas Oeste:\u00a0<\/strong>25 de Mayo 707, Lan\u00fas Oeste.<br \/>\n<strong>U.S. Villa Jard\u00edn:\u00a0<\/strong>E. Castro 3826, Lan\u00fas Oeste.<\/p>\n<p><strong>(VW)<\/strong><\/p>\n","protected":false},"excerpt":{"rendered":"<p>\u00a0Son 20 los m\u00e9dicos pediatras que se sumaron en ocho Unidades Sanitarias. Atender\u00e1n con demanda espont\u00e1nea todos los d\u00edas de 8 a 20hs.<\/p>\n","protected":false},"author":3,"featured_media":14504,"comment_status":"closed","ping_status":"closed","sticky":false,"template":"","format":"standard","meta":{"_monsterinsights_skip_tracking":false,"_monsterinsights_sitenote_active":false,"_monsterinsights_sitenote_note":"","_monsterinsights_sitenote_category":0,"footnotes":""},"categories":[3],"tags":[3569,677,6062,1616],"class_list":["post-14503","post","type-post","status-publish","format-standard","has-post-thumbnail","hentry","category-actualidad","tag-atencion","tag-medicos","tag-pediatria","tag-unidades-sanitarias"],"_links":{"self":[{"href":"https:\/\/www.visionweb.com.ar\/index.php?rest_route=\/wp\/v2\/posts\/14503","targetHints":{"allow":["GET"]}}],"collection":[{"href":"https:\/\/www.visionweb.com.ar\/index.php?rest_route=\/wp\/v2\/posts"}],"about":[{"href":"https:\/\/www.visionweb.com.ar\/index.php?rest_route=\/wp\/v2\/types\/post"}],"author":[{"embeddable":true,"href":"https:\/\/www.visionweb.com.ar\/index.php?rest_route=\/wp\/v2\/users\/3"}],"replies":[{"embeddable":true,"href":"https:\/\/www.visionweb.com.ar\/index.php?rest_route=%2Fwp%2Fv2%2Fcomments&post=14503"}],"version-history":[{"count":1,"href":"https:\/\/www.visionweb.com.ar\/index.php?rest_route=\/wp\/v2\/posts\/14503\/revisions"}],"predecessor-version":[{"id":14505,"href":"https:\/\/www.visionweb.com.ar\/index.php?rest_route=\/wp\/v2\/posts\/14503\/revisions\/14505"}],"wp:featuredmedia":[{"embeddable":true,"href":"https:\/\/www.visionweb.com.ar\/index.php?rest_route=\/wp\/v2\/media\/14504"}],"wp:attachment":[{"href":"https:\/\/www.visionweb.com.ar\/index.php?rest_route=%2Fwp%2Fv2%2Fmedia&parent=14503"}],"wp:term":[{"taxonomy":"category","embeddable":true,"href":"https:\/\/www.visionweb.com.ar\/index.php?rest_route=%2Fwp%2Fv2%2Fcategories&post=14503"},{"taxonomy":"post_tag","embeddable":true,"href":"https:\/\/www.visionweb.com.ar\/index.php?rest_route=%2Fwp%2Fv2%2Ftags&post=14503"}],"curies":[{"name":"wp","href":"https:\/\/api.w.org\/{rel}","templated":true}]}}