{"id":14493,"date":"2024-05-10T07:42:31","date_gmt":"2024-05-10T10:42:31","guid":{"rendered":"https:\/\/www.visionweb.com.ar\/?p=14493"},"modified":"2024-05-10T07:46:30","modified_gmt":"2024-05-10T10:46:30","slug":"lanus-se-lanzo-el-frente-politico-sindical-eva-peron","status":"publish","type":"post","link":"https:\/\/www.visionweb.com.ar\/?p=14493","title":{"rendered":"Lan\u00fas:  Se lanz\u00f3 el Frente Pol\u00edtico Sindical Eva Per\u00f3n"},"content":{"rendered":"<p><em><b>La presentaci\u00f3n se hizo en la sede del Sindicato del Papel de Lan\u00fas y dijeron presente, integrantes de m\u00e1s de 50 Gremios que se suman al flamante espacio representativo de los trabajadores. Tambi\u00e9n fueron de la partida\u00a0 dirigentes pol\u00edticos y sociales del \u00e1mbito local.<\/b><\/em><!--more--><\/p>\n<p><img loading=\"lazy\" decoding=\"async\" class=\"size-medium wp-image-14494 alignright\" src=\"https:\/\/www.visionweb.com.ar\/wp-content\/uploads\/2024\/05\/FRETE-GREMIAL-300x200.jpeg\" alt=\"\" width=\"300\" height=\"200\" srcset=\"https:\/\/www.visionweb.com.ar\/wp-content\/uploads\/2024\/05\/FRETE-GREMIAL-300x200.jpeg 300w, https:\/\/www.visionweb.com.ar\/wp-content\/uploads\/2024\/05\/FRETE-GREMIAL.jpeg 640w\" sizes=\"auto, (max-width: 300px) 100vw, 300px\" \/>El lanzamiento se llev\u00f3 a cabo en un d\u00eda con \u00ab<strong>un alto sentimiento peronista como lo es el 7 de Mayo, en el 105 natalicio de Eva, la eterna Evita\u00bb. <\/strong><\/p>\n<p>Desde las 20 horas de este jueves, en la sede del Sindicato de Obreros y Empleados de la Industria del Papel Cart\u00f3n y Qu\u00edmicos de Lan\u00fas, ubicado en C\u00f3rdoba 1334 de Lan\u00fas Oeste, se concret\u00f3 el lanzamiento del \u201cFrente Pol\u00edtico Sindical Eva Per\u00f3n\u201d.<\/p>\n<p>En un comunicado de prensa, se se\u00f1al\u00f3 que \u00ab<strong>el frente tiene, entre sus objetivos y en el marco de unidad pol\u00edtica alcanzada en Lan\u00fas que llev\u00f3 al triunfo del peronismo en la \u00faltimas elecciones con Juli\u00e1n \u00c1lvarez intendente, reforzar esa misma unidad en apoyo al Gobierno Comuna<\/strong>l\u00bb<\/p>\n<p>Adem\u00e1s, la agrupaci\u00f3n apunta a luchar \u00abfrente al descarado embate del Gobierno Nacional de Javier Milei y sus aliados neoliberales\u00bb, que con sus pol\u00edticas econ\u00f3micas y sociales, \u00abprovocan d\u00eda a d\u00eda m\u00e1s desocupaci\u00f3n, cierre de comercios e industrias, privatizaciones de empresas esenciales del Estad\u00edo Nacional, dejando en la calle a miles de trabajadores, degradando el entramado social argentino y beneficiando el poder econ\u00f3mico nacional e internacional, poniendo al Estado en un rol de agente de remate de todo lo alcanzado por la argentina en materia de investigaci\u00f3n, tecnolog\u00eda, exploraci\u00f3n y explotaci\u00f3n de los suelos, etc\u00bb, consign\u00f3 el documento al que accedi\u00f3<strong> www.visi\u00f3nweb.com.ar<\/strong><\/p>\n<p>En la presentaci\u00f3n y lanzamiento fueron oradores:\u00a0 el Secretario General de Papeleros, Cristian Cardozo; la Secretaria Gremial del PJ Lan\u00fas, integrante de la Uni\u00f3n Ferroviaria y concejal de Uni\u00f3n por La Patria, Ver\u00f3nica Dell Anna; la integrante de la Uni\u00f3n de Trabajadores y Trabajadoras de la Econom\u00eda Popular, Soledad Piedrabuena y el Secretario General del Gremio de Curtidores; Gabriel Navarrete.<\/p>\n<p>Tambi\u00e9n fueron de la partida el Presidente del HCD de Lan\u00fas, Vicepresidente del PJ de Lan\u00fas y Congresal Nacional del PJ, Agust\u00edn Balladares; el Secretario General del Sindicato de Luz y Fuerza, Jorge Torres; el Viceministro de Trabajo de la Provincia de Buenos Aires, Andr\u00e9s Rebeles y cerr\u00f3\u00a0 la lista de oradores, el Secretario General de la Federaci\u00f3n Gr\u00e1fica de la Rep\u00fablica Argentina, H\u00e9ctor, \u201cGringo\u201d Amichetti.<\/p>\n<p>Se hicieron presente trabajadores y representantes de los gremios de Farmacia, Vialidad Nacional, Aceiteros, Gas natural, Canillitas, SUTEBA Comercio de Brown, Luz y fuerza, Sindicato de plomos, de la UTA, Educadores, Sindicato del Seguro, Recicladores, Seguridad, APL y Municipales.<\/p>\n<p>Adem\u00e1s se sumaron los representantes , La Bancaria, del Frente sindical Ca\u00f1uelas, Fleteros, Marina Mercante, APSEE, Sindicato de la madera, Federaci\u00f3n gr\u00e1fica, Personal Jer\u00e1rquicos de Marina, Marroquineros, Tabaco, Ladrilleros, Correos, Foecy, Unidos, SUTROM, UDOCBA, SDP, portuarios, panaderos, FUTEN, CCC, UTEP, CCC, SCHMA, integrante del Partido Justicialista de Lan\u00fas, como as\u00ed tambi\u00e9n adhirieron integrantes y dirigentes pol\u00edticos y sociales como el Movimiento Evita, Agrupaci\u00f3n la 17, Agrupaci\u00f3n 20 de Junio, entre otros y otras<strong>(VW)<\/strong>.<\/p>\n","protected":false},"excerpt":{"rendered":"<p>La presentaci\u00f3n se hizo en la sede del Sindicato del Papel de Lan\u00fas y dijeron presente, integrantes de m\u00e1s de 50 Gremios que se suman al flamante espacio representativo de los trabajadores. Tambi\u00e9n fueron&#46;&#46;&#46;<\/p>\n","protected":false},"author":3,"featured_media":14494,"comment_status":"closed","ping_status":"closed","sticky":false,"template":"","format":"standard","meta":{"_monsterinsights_skip_tracking":false,"_monsterinsights_sitenote_active":false,"_monsterinsights_sitenote_note":"","_monsterinsights_sitenote_category":0,"footnotes":""},"categories":[4],"tags":[1150,6059,1315,6033],"class_list":["post-14493","post","type-post","status-publish","format-standard","has-post-thumbnail","hentry","category-politica","tag-alvarez","tag-frente-gremial","tag-lanzamiento","tag-sindicatos"],"_links":{"self":[{"href":"https:\/\/www.visionweb.com.ar\/index.php?rest_route=\/wp\/v2\/posts\/14493","targetHints":{"allow":["GET"]}}],"collection":[{"href":"https:\/\/www.visionweb.com.ar\/index.php?rest_route=\/wp\/v2\/posts"}],"about":[{"href":"https:\/\/www.visionweb.com.ar\/index.php?rest_route=\/wp\/v2\/types\/post"}],"author":[{"embeddable":true,"href":"https:\/\/www.visionweb.com.ar\/index.php?rest_route=\/wp\/v2\/users\/3"}],"replies":[{"embeddable":true,"href":"https:\/\/www.visionweb.com.ar\/index.php?rest_route=%2Fwp%2Fv2%2Fcomments&post=14493"}],"version-history":[{"count":4,"href":"https:\/\/www.visionweb.com.ar\/index.php?rest_route=\/wp\/v2\/posts\/14493\/revisions"}],"predecessor-version":[{"id":14498,"href":"https:\/\/www.visionweb.com.ar\/index.php?rest_route=\/wp\/v2\/posts\/14493\/revisions\/14498"}],"wp:featuredmedia":[{"embeddable":true,"href":"https:\/\/www.visionweb.com.ar\/index.php?rest_route=\/wp\/v2\/media\/14494"}],"wp:attachment":[{"href":"https:\/\/www.visionweb.com.ar\/index.php?rest_route=%2Fwp%2Fv2%2Fmedia&parent=14493"}],"wp:term":[{"taxonomy":"category","embeddable":true,"href":"https:\/\/www.visionweb.com.ar\/index.php?rest_route=%2Fwp%2Fv2%2Fcategories&post=14493"},{"taxonomy":"post_tag","embeddable":true,"href":"https:\/\/www.visionweb.com.ar\/index.php?rest_route=%2Fwp%2Fv2%2Ftags&post=14493"}],"curies":[{"name":"wp","href":"https:\/\/api.w.org\/{rel}","templated":true}]}}