{"id":14488,"date":"2024-05-09T17:11:02","date_gmt":"2024-05-09T20:11:02","guid":{"rendered":"https:\/\/www.visionweb.com.ar\/?p=14488"},"modified":"2024-05-09T17:11:02","modified_gmt":"2024-05-09T20:11:02","slug":"la-inflacion-en-caba-fue-de-98-en-abril","status":"publish","type":"post","link":"https:\/\/www.visionweb.com.ar\/?p=14488","title":{"rendered":"La inflaci\u00f3n en CABA fue de 9,8% en abril"},"content":{"rendered":"<p><em><strong>El \u00edndice de precios de la Ciudad volvi\u00f3 a retroceder y en lo que va del a\u00f1o subi\u00f3 72,6%, aunque acumul\u00f3 292,5% en un a\u00f1o. El Indec dar\u00e1 a conocer los n\u00fameros de abril el pr\u00f3ximo martes.<\/strong><strong>\u00a0<\/strong><\/em><!--more--><\/p>\n<p><strong>\u00a0 <img loading=\"lazy\" decoding=\"async\" class=\"size-medium wp-image-1178 alignright\" src=\"https:\/\/www.visionweb.com.ar\/wp-content\/uploads\/2021\/03\/PRECIOS-MAORISTAS-300x200.png\" alt=\"\" width=\"300\" height=\"200\" srcset=\"https:\/\/www.visionweb.com.ar\/wp-content\/uploads\/2021\/03\/PRECIOS-MAORISTAS-300x200.png 300w, https:\/\/www.visionweb.com.ar\/wp-content\/uploads\/2021\/03\/PRECIOS-MAORISTAS.png 725w\" sizes=\"auto, (max-width: 300px) 100vw, 300px\" \/>\u00a0\u00a0 L<\/strong>a <strong>Direcci\u00f3n General de Estad\u00edsticas y Censos porte\u00f1a\u00a0<\/strong>dio a conocer el \u00edndice de<strong> inflaci\u00f3n de abril en la Ciudad de Buenos Aires, que lleg\u00f3 a 9,8% de incremento, <\/strong>mientras que en lo que va del a\u00f1o acumul\u00f3 un incremento del 72,6% y en los \u00faltimos 12 meses 292,5%.<\/p>\n<p>Si bien el dato contin\u00faa siendo alto, el \u00edndice que elabora a Direcci\u00f3n General de Estad\u00edsticas y Censos porte\u00f1a\u00a0evidencia una desaceleraci\u00f3n y anticipa en parte el comportamiento del dato a nivel <strong>nacional que dar\u00e1 a conocer el INDEC el pr\u00f3ximo martes. <\/strong>Cabe recordar que en marzo fue del 11%.<\/p>\n<p>La variaci\u00f3n del \u00cdndice de Precios al\u00a0Consumidor (IPC) de abril respondi\u00f3 fundamentalmente a las <strong>subas en \u201cvivienda, agua, electricidad, gas y otros combustibles\u201d (22,9%)<\/strong>, y que lleva tambi\u00e9n un acumulado anual por encima de la inflaci\u00f3n de los \u00faltimos 4 meses que se situ\u00f3 en menos algo m\u00e1s de 72%.<\/p>\n<p>Luego, \u201csalud\u201d (13%), \u201calimentos y bebidas no alcoh\u00f3licas\u201d (51%), \u201cinformaci\u00f3n y comunicaci\u00f3n\u201d (11,7%) y \u201crestaurantes y hoteles\u201d (6,1%), que en conjunto explicaron el 75% del alza del Nivel General.<\/p>\n<p>Le siguieron la<strong> educaci\u00f3n con algo m\u00e1s del 15%, y los Seguros y Servicios financieros en 11,7%<\/strong>\u00a0y\u00a0tambi\u00e9n por encima\u00a0del promedio del IPC mensual.\u00a0<strong>(VW)<\/strong><\/p>\n<p>&nbsp;<\/p>\n","protected":false},"excerpt":{"rendered":"<p>El \u00edndice de precios de la Ciudad volvi\u00f3 a retroceder y en lo que va del a\u00f1o subi\u00f3 72,6%, aunque acumul\u00f3 292,5% en un a\u00f1o. El Indec dar\u00e1 a conocer los n\u00fameros de abril&#46;&#46;&#46;<\/p>\n","protected":false},"author":4,"featured_media":1178,"comment_status":"closed","ping_status":"closed","sticky":false,"template":"","format":"standard","meta":{"_monsterinsights_skip_tracking":false,"_monsterinsights_sitenote_active":false,"_monsterinsights_sitenote_note":"","_monsterinsights_sitenote_category":0,"footnotes":""},"categories":[6,4],"tags":[6056],"class_list":["post-14488","post","type-post","status-publish","format-standard","has-post-thumbnail","hentry","category-economia","category-politica","tag-ipc-caba-abril"],"_links":{"self":[{"href":"https:\/\/www.visionweb.com.ar\/index.php?rest_route=\/wp\/v2\/posts\/14488","targetHints":{"allow":["GET"]}}],"collection":[{"href":"https:\/\/www.visionweb.com.ar\/index.php?rest_route=\/wp\/v2\/posts"}],"about":[{"href":"https:\/\/www.visionweb.com.ar\/index.php?rest_route=\/wp\/v2\/types\/post"}],"author":[{"embeddable":true,"href":"https:\/\/www.visionweb.com.ar\/index.php?rest_route=\/wp\/v2\/users\/4"}],"replies":[{"embeddable":true,"href":"https:\/\/www.visionweb.com.ar\/index.php?rest_route=%2Fwp%2Fv2%2Fcomments&post=14488"}],"version-history":[{"count":1,"href":"https:\/\/www.visionweb.com.ar\/index.php?rest_route=\/wp\/v2\/posts\/14488\/revisions"}],"predecessor-version":[{"id":14489,"href":"https:\/\/www.visionweb.com.ar\/index.php?rest_route=\/wp\/v2\/posts\/14488\/revisions\/14489"}],"wp:featuredmedia":[{"embeddable":true,"href":"https:\/\/www.visionweb.com.ar\/index.php?rest_route=\/wp\/v2\/media\/1178"}],"wp:attachment":[{"href":"https:\/\/www.visionweb.com.ar\/index.php?rest_route=%2Fwp%2Fv2%2Fmedia&parent=14488"}],"wp:term":[{"taxonomy":"category","embeddable":true,"href":"https:\/\/www.visionweb.com.ar\/index.php?rest_route=%2Fwp%2Fv2%2Fcategories&post=14488"},{"taxonomy":"post_tag","embeddable":true,"href":"https:\/\/www.visionweb.com.ar\/index.php?rest_route=%2Fwp%2Fv2%2Ftags&post=14488"}],"curies":[{"name":"wp","href":"https:\/\/api.w.org\/{rel}","templated":true}]}}