{"id":14481,"date":"2024-05-09T15:48:05","date_gmt":"2024-05-09T18:48:05","guid":{"rendered":"https:\/\/www.visionweb.com.ar\/?p=14481"},"modified":"2024-05-09T15:48:05","modified_gmt":"2024-05-09T18:48:05","slug":"san-vicente-celebra-este-sabado-la-fiesta-de-la-miel","status":"publish","type":"post","link":"https:\/\/www.visionweb.com.ar\/?p=14481","title":{"rendered":"San Vicente celebra este s\u00e1bado la Fiesta de la Miel"},"content":{"rendered":"<p><em><strong>Ser\u00e1 la 10\u00aa Edici\u00f3n y participan apicultores de la regi\u00f3n. Habr\u00e1 degustaciones,\u00a0 jornadas de capacitaci\u00f3n y venta de diferentes tipos de miel.<\/strong><\/em><!--more--><\/p>\n<p><img loading=\"lazy\" decoding=\"async\" class=\"size-medium wp-image-10296 alignright\" src=\"https:\/\/www.visionweb.com.ar\/wp-content\/uploads\/2023\/04\/FIESTA-DE-LA-MIEL-300x200.png\" alt=\"\" width=\"300\" height=\"200\" srcset=\"https:\/\/www.visionweb.com.ar\/wp-content\/uploads\/2023\/04\/FIESTA-DE-LA-MIEL-300x200.png 300w, https:\/\/www.visionweb.com.ar\/wp-content\/uploads\/2023\/04\/FIESTA-DE-LA-MIEL.png 640w\" sizes=\"auto, (max-width: 300px) 100vw, 300px\" \/>El s\u00e1bado 11 y domingo 12 de mayo se realizar\u00e1 la\u00a0<strong>10\u00b0 Fiesta Regional de la Miel en el predio Ferial Vieja Estaci\u00f3n<\/strong>, organizada por el Club Argentino de Servicios de San Vicente (CAS), con el apoyo de la Municipalidad.<\/p>\n<p>Los apicultores de la regi\u00f3n se presentar\u00e1n en el\u00a0<strong>Paseo de la miel<\/strong>, donde se podr\u00e1n adquirir productos ap\u00edcolas locales y en el que, tambi\u00e9n, habr\u00e1 una cata popular de miel en la que los asistentes podr\u00e1n elegir sus favoritas. A estas actividades se sumar\u00e1n las Olimpiadas Ap\u00edcolas y las charlas t\u00e9cnicas sobre la miel.<\/p>\n<p>Tambi\u00e9n habr\u00e1 puestos con una oferta gastron\u00f3mica en un\u00a0<strong>patio de comidas en las que habr\u00e1 parrillas y foodtrucks<\/strong>, con sus especialidades.<\/p>\n<p>En el Galp\u00f3n de las Artes, habr\u00e1 una\u00a0<strong>muestra del Colectivo de Artistas Pl\u00e1sticos Sanvicentinos<\/strong>, donde expondr\u00e1n arte fl\u00faor; esculturas; instalaciones; fotograf\u00edas; pinturas; mosaiquismo y artistas pintando en vivo.<\/p>\n<p>Adem\u00e1s,\u00a0<strong>entidades de bien p\u00fablico y escuelas locales tendr\u00e1n su espacio gratuito<\/strong>, y habr\u00e1 m\u00e1s de 100 stands para emprendedores y artesanos locales.<\/p>\n<p>En el escenario principal el s\u00e1bado 11 se presentar\u00e1 la agrupaci\u00f3n\u00a0 Alma Luz; Dejando Huellas; Ballet San Vicente; Folclore y Tradici\u00f3n Ballet; Exhibici\u00f3n de Shaolin Kung Fu; Facundo Sandoval; Elian NC; Duno; Misthico; Eureka; Vientos del Sur; Cara o Seca y La Dife.<\/p>\n<p>El domingo ser\u00e1 el turno de: Mujeres de nuestra tierra; Las Moreras; Compa\u00f1\u00eda de Danza ADN; Exhibici\u00f3n de Shaolin Kung Fu; Freedom Urbano; Rebeli\u00f3n Folk; Papelnonos; Juan Jos\u00e9; Yanay; Victor Rivarola; Diego Romero; Ctenta Treinta; Iniciativa y Savannah<strong>(VW).<\/strong><\/p>\n","protected":false},"excerpt":{"rendered":"<p>Ser\u00e1 la 10\u00aa Edici\u00f3n y participan apicultores de la regi\u00f3n. Habr\u00e1 degustaciones,\u00a0 jornadas de capacitaci\u00f3n y venta de diferentes tipos de miel.<\/p>\n","protected":false},"author":3,"featured_media":10296,"comment_status":"closed","ping_status":"closed","sticky":false,"template":"","format":"standard","meta":{"_monsterinsights_skip_tracking":false,"_monsterinsights_sitenote_active":false,"_monsterinsights_sitenote_note":"","_monsterinsights_sitenote_category":0,"footnotes":""},"categories":[8,1317],"tags":[6051,2579,2058,1564],"class_list":["post-14481","post","type-post","status-publish","format-standard","has-post-thumbnail","hentry","category-interes-general","category-sabores-y-tendencias","tag-degustaciones","tag-feria","tag-miel","tag-san-vicente"],"_links":{"self":[{"href":"https:\/\/www.visionweb.com.ar\/index.php?rest_route=\/wp\/v2\/posts\/14481","targetHints":{"allow":["GET"]}}],"collection":[{"href":"https:\/\/www.visionweb.com.ar\/index.php?rest_route=\/wp\/v2\/posts"}],"about":[{"href":"https:\/\/www.visionweb.com.ar\/index.php?rest_route=\/wp\/v2\/types\/post"}],"author":[{"embeddable":true,"href":"https:\/\/www.visionweb.com.ar\/index.php?rest_route=\/wp\/v2\/users\/3"}],"replies":[{"embeddable":true,"href":"https:\/\/www.visionweb.com.ar\/index.php?rest_route=%2Fwp%2Fv2%2Fcomments&post=14481"}],"version-history":[{"count":1,"href":"https:\/\/www.visionweb.com.ar\/index.php?rest_route=\/wp\/v2\/posts\/14481\/revisions"}],"predecessor-version":[{"id":14482,"href":"https:\/\/www.visionweb.com.ar\/index.php?rest_route=\/wp\/v2\/posts\/14481\/revisions\/14482"}],"wp:featuredmedia":[{"embeddable":true,"href":"https:\/\/www.visionweb.com.ar\/index.php?rest_route=\/wp\/v2\/media\/10296"}],"wp:attachment":[{"href":"https:\/\/www.visionweb.com.ar\/index.php?rest_route=%2Fwp%2Fv2%2Fmedia&parent=14481"}],"wp:term":[{"taxonomy":"category","embeddable":true,"href":"https:\/\/www.visionweb.com.ar\/index.php?rest_route=%2Fwp%2Fv2%2Fcategories&post=14481"},{"taxonomy":"post_tag","embeddable":true,"href":"https:\/\/www.visionweb.com.ar\/index.php?rest_route=%2Fwp%2Fv2%2Ftags&post=14481"}],"curies":[{"name":"wp","href":"https:\/\/api.w.org\/{rel}","templated":true}]}}