{"id":14476,"date":"2024-05-09T15:24:27","date_gmt":"2024-05-09T18:24:27","guid":{"rendered":"https:\/\/www.visionweb.com.ar\/?p=14476"},"modified":"2024-05-09T15:32:35","modified_gmt":"2024-05-09T18:32:35","slug":"rige-el-parto-de-la-cgt-en-todo-el-pais","status":"publish","type":"post","link":"https:\/\/www.visionweb.com.ar\/?p=14476","title":{"rendered":"Rige el paro de la CGT en todo el pa\u00eds"},"content":{"rendered":"<p><em><strong>Con un elevado acatamiento por parte de los trabajadores adheridos a diferentes gremios se concreta el segundo parto contra la administraci\u00f3n de Javier Milei. En el sector de las estaciones de servicio el acatamiento fue dispar.<\/strong><\/em><!--more--><\/p>\n<div id=\"attachment_14477\" style=\"width: 310px\" class=\"wp-caption alignright\"><img loading=\"lazy\" decoding=\"async\" aria-describedby=\"caption-attachment-14477\" class=\"wp-image-14477 size-medium\" src=\"https:\/\/www.visionweb.com.ar\/wp-content\/uploads\/2024\/05\/PARO-GENERAL-300x169.png\" alt=\"\" width=\"300\" height=\"169\" srcset=\"https:\/\/www.visionweb.com.ar\/wp-content\/uploads\/2024\/05\/PARO-GENERAL-300x169.png 300w, https:\/\/www.visionweb.com.ar\/wp-content\/uploads\/2024\/05\/PARO-GENERAL.png 640w\" sizes=\"auto, (max-width: 300px) 100vw, 300px\" \/><p id=\"caption-attachment-14477\" class=\"wp-caption-text\"><em><strong>La totalidad de las l\u00edneas ferroviarias y la mayor\u00eda de las empresas de colectivos adhirieron al paro general dispuesto por la CGT (imagen: Internet<\/strong><\/em>)<\/p><\/div>\n<p>Debido a la adhesi\u00f3n de los gremios el transporte es poca la actividad en las calles. Los comercios del Gran Buenos Aires desarrollan sus actividades en forma normal.<\/p>\n<p>Pese a la vigencia del paro general dispuesto por la CGT, excepto los trenes y las empresas a\u00e9reas, excepto algunas compa\u00f1\u00edas, los bancos no operaron en atenci\u00f3n al p\u00fabico, ni tampoco la administraci\u00f3n p\u00fablica.<\/p>\n<p>En cambio la mayor\u00eda de los comercios del Gran Buenos Aires y una significativa cantidad de negocios de la Ciudad de Buenos Aires, abrieron sus puertas al p\u00fablico, atendido por sus due\u00f1os o por los trabajadores que pudieron llegar a sus empleos. Pero los colegios no funcionaron.<\/p>\n<p>Seg\u00fan un relevamiento realizado por los diferentes canales de televisi\u00f3n en la zona AMBA, se pudo observar la presencia de poca gente en las calles, el funcionamiento de algunas l\u00edneas de colectivo y la prestaci\u00f3n de servicios en las guardias hospitalarias.<\/p>\n<p>En medio del debate sobre la\u00a0<strong>Ley Bases y el paquete fiscal<\/strong> en el Senado, y en un contexto econ\u00f3mico y social cr\u00edtico, desde la 0 hora de este jueves se realiza el segundo paro de la <strong>CGT\u00a0<\/strong>contra el Gobierno de\u00a0<strong>Javier Milei.<\/strong><\/p>\n<p>La protesta que encabeza la CGT pero acompa\u00f1an otras centrales se da frente al fuerte deterioro de los ingresos de trabajadores, jubilados y los sectores m\u00e1s vulnerables pese a la desaceleraci\u00f3n de la inflaci\u00f3n de las \u00faltimas semanas,<\/p>\n<p>La segunda huelga resuelta por la central obrera a cinco meses de iniciada la gesti\u00f3n de Milei sumar\u00e1 un elemento diferenciador clave respecto al primer paro de 12 horas del 24 de enero: la adhesi\u00f3n de los gremios del transporte p\u00fablico, que es clave para lograr un \u00e9xito.<\/p>\n<p>El movimiento en las paradas de colectivo es casi nulo. De hecho, el Gobierno comunic\u00f3 que 42 l\u00edneas con recorrido en la\u00a0<strong>Ciudad de Buenos Aires<\/strong>\u00a0y el\u00a0<strong>conurbano\u00a0<\/strong>prestar\u00e1n servicio de transporte limitados, pese a la medida de fuerza a la que se adhiri\u00f3 el sector. Sin embargo, muchos de ellos circulaban vac\u00edos.<\/p>\n<p>En la provincia de Buenos Aires, debido a que se suman a la protesta los docentes, m\u00e9dicos, judiciales y trabajadores de la administraci\u00f3n p\u00fablica provincial, el paro tuvo un impacto importante. A diferencia de los estatales nacionales, el Gobierno de Axel Kicillof no descontar\u00e1 el d\u00eda trabajado.<\/p>\n<p>En este contexto, el titular de la Uni\u00f3n Ferroviaria, Rub\u00e9n \u201cPollo\u201d Sobrero, advirti\u00f3 con llamar a un \u201cparo de 36 horas\u201d en caso de que la huelga de este jueves convocada por la CGT no tenga efecto en cuanto a la respuesta del Gobierno nacional.<\/p>\n<p>\u201cYo siempre fui cr\u00edtico tambi\u00e9n con la gesti\u00f3n de Alberto Fern\u00e1ndez, que fue un desastre, y tambi\u00e9n con Mauricio Macri. Siempre dije que se estaba atentando contra los trabajadores. Pero ahora peg\u00f3 un salto y empeor\u00f3 la situaci\u00f3n\u201d, analiz\u00f3 el sindicalista en declaraciones a TN. Y lanz\u00f3: \u201cSi no hay respuesta con este paro de 24 horas, haremos otro de 36\u201d<strong>(VW)<\/strong><\/p>\n<p>&nbsp;<\/p>\n","protected":false},"excerpt":{"rendered":"<p>Con un elevado acatamiento por parte de los trabajadores adheridos a diferentes gremios se concreta el segundo parto contra la administraci\u00f3n de Javier Milei. En el sector de las estaciones de servicio el acatamiento&#46;&#46;&#46;<\/p>\n","protected":false},"author":3,"featured_media":14477,"comment_status":"closed","ping_status":"closed","sticky":false,"template":"","format":"standard","meta":{"_monsterinsights_skip_tracking":false,"_monsterinsights_sitenote_active":false,"_monsterinsights_sitenote_note":"","_monsterinsights_sitenote_category":0,"footnotes":""},"categories":[8],"tags":[57,252,1673],"class_list":["post-14476","post","type-post","status-publish","format-standard","has-post-thumbnail","hentry","category-interes-general","tag-gremios","tag-paro","tag-transporte-publico"],"_links":{"self":[{"href":"https:\/\/www.visionweb.com.ar\/index.php?rest_route=\/wp\/v2\/posts\/14476","targetHints":{"allow":["GET"]}}],"collection":[{"href":"https:\/\/www.visionweb.com.ar\/index.php?rest_route=\/wp\/v2\/posts"}],"about":[{"href":"https:\/\/www.visionweb.com.ar\/index.php?rest_route=\/wp\/v2\/types\/post"}],"author":[{"embeddable":true,"href":"https:\/\/www.visionweb.com.ar\/index.php?rest_route=\/wp\/v2\/users\/3"}],"replies":[{"embeddable":true,"href":"https:\/\/www.visionweb.com.ar\/index.php?rest_route=%2Fwp%2Fv2%2Fcomments&post=14476"}],"version-history":[{"count":3,"href":"https:\/\/www.visionweb.com.ar\/index.php?rest_route=\/wp\/v2\/posts\/14476\/revisions"}],"predecessor-version":[{"id":14480,"href":"https:\/\/www.visionweb.com.ar\/index.php?rest_route=\/wp\/v2\/posts\/14476\/revisions\/14480"}],"wp:featuredmedia":[{"embeddable":true,"href":"https:\/\/www.visionweb.com.ar\/index.php?rest_route=\/wp\/v2\/media\/14477"}],"wp:attachment":[{"href":"https:\/\/www.visionweb.com.ar\/index.php?rest_route=%2Fwp%2Fv2%2Fmedia&parent=14476"}],"wp:term":[{"taxonomy":"category","embeddable":true,"href":"https:\/\/www.visionweb.com.ar\/index.php?rest_route=%2Fwp%2Fv2%2Fcategories&post=14476"},{"taxonomy":"post_tag","embeddable":true,"href":"https:\/\/www.visionweb.com.ar\/index.php?rest_route=%2Fwp%2Fv2%2Ftags&post=14476"}],"curies":[{"name":"wp","href":"https:\/\/api.w.org\/{rel}","templated":true}]}}