{"id":14470,"date":"2024-05-08T13:34:02","date_gmt":"2024-05-08T16:34:02","guid":{"rendered":"https:\/\/www.visionweb.com.ar\/?p=14470"},"modified":"2024-05-08T13:34:02","modified_gmt":"2024-05-08T16:34:02","slug":"provincia-proyecto-busca-reducir-el-consumo-de-productos-de-plasticos-en-comercios","status":"publish","type":"post","link":"https:\/\/www.visionweb.com.ar\/?p=14470","title":{"rendered":"Provincia: Proyecto busca reducir el consumo de productos de pl\u00e1sticos en comercios"},"content":{"rendered":"<p><em><strong>Es para que los comercios cobren aparte los productos pl\u00e1sticos como vasos, bandejas y envoltorios. Lo present\u00f3 la diputada bonaerense Ayel\u00e9n Rasquetti.<\/strong><\/em><!--more--><\/p>\n<div id=\"attachment_14471\" style=\"width: 310px\" class=\"wp-caption alignright\"><img loading=\"lazy\" decoding=\"async\" aria-describedby=\"caption-attachment-14471\" class=\"wp-image-14471 size-medium\" src=\"https:\/\/www.visionweb.com.ar\/wp-content\/uploads\/2024\/05\/envases-plasticos-playa-300x131.png\" alt=\"\" width=\"300\" height=\"131\" srcset=\"https:\/\/www.visionweb.com.ar\/wp-content\/uploads\/2024\/05\/envases-plasticos-playa-300x131.png 300w, https:\/\/www.visionweb.com.ar\/wp-content\/uploads\/2024\/05\/envases-plasticos-playa-520x229.png 520w, https:\/\/www.visionweb.com.ar\/wp-content\/uploads\/2024\/05\/envases-plasticos-playa.png 526w\" sizes=\"auto, (max-width: 300px) 100vw, 300px\" \/><p id=\"caption-attachment-14471\" class=\"wp-caption-text\">Imagen de internet<\/p><\/div>\n<p><strong>\u00a0\u00a0\u00a0 L<\/strong>a\u00a0diputada bonaerense de<strong> Uni\u00f3n por la Patria<\/strong>,\u00a0<strong>Ayel\u00e9n Rasquetti<\/strong>, present\u00f3 un proyecto de ley para crear el\u00a0<strong>\u201cplan de reducci\u00f3n de pl\u00e1sticos de un solo uso<\/strong>\u201d, el cual por ejemplo contempla que los restaurantes y las casas de comida cobren a sus clientes por la entrega de v<strong>ajillas<\/strong>,\u00a0<strong>recipientes\u00a0<\/strong>y\u00a0<strong>envoltorios\u00a0<\/strong>de ese material.<\/p>\n<p>En ese sentido, la iniciativa de\u00a0<strong>Rasquetti<\/strong>\u00a0apunta \u201ca reducir el consumo y por lo tanto la producci\u00f3n de los productos de pl\u00e1stico de un solo uso, por su peligrosidad en el ambiente\u201d, en referencia a aquellos elementos que por sus caracter\u00edsticas de utilizaci\u00f3n transcurre un breve lapso de tiempo entre su uso y su posterior descarte.<\/p>\n<p>De esta manera, la\u00a0<strong>legisladora bonaerense<\/strong>\u00a0enfatiz\u00f3 que los\u00a0<strong>productos de pl\u00e1stico<\/strong>\u00a0tales como <strong>\u201cvajilla y utensilios descartables, envoltorios, bolsas y recipientes alimentarios con sus accesorios\u201d <\/strong>s\u00f3lo podr\u00e1n ser entregados por los comercios de la provincia de Buenos Aires \u201c<strong>a requerimiento del cliente y a t\u00edtulo oneroso<\/strong>\u201d.<\/p>\n<p>\u201c<strong>El proyecto como objetivo principal la reducci\u00f3n de los envases de pl\u00e1stico de un solo uso<\/strong>. En Argentina, se producen aproximadamente 927.000 toneladas de dichos envases al a\u00f1o. De ese total, el 26% se recicla y el resto va a los rellenos sanitarios o basurales del pa\u00eds\u201d, expres\u00f3\u00a0<strong>Rasquetti<\/strong>\u00a0en los fundamentos de la propuesta parlamentaria.<\/p>\n<p>Asimismo, el texto ingresado en la\u00a0<strong>C\u00e1mara de Diputados bonaerense<\/strong>\u00a0plantea que a partir de la entrada en vigencia de la ley los\u00a0<strong>comercios de la provincia de Buenos Aires\u00a0<\/strong>cobren la entrega de\u00a0<strong>sorbetes<\/strong>,\u00a0<strong>agitadores de bebidas<\/strong>,\u00a0<strong>escarbadientes<\/strong>\u00a0<strong>de<\/strong>\u00a0<strong>pl\u00e1stico<\/strong>\u00a0y hasta los soportes utilizados para los helados.<\/p>\n<p>En tanto, el articulado impulsado por Rasquetti\u00a0establece que, luego de cuatro a\u00f1os de vigencia de la nueva legislaci\u00f3n, directamente quedar\u00e1 prohibida la entrega al consumidor de dichos productos de\u00a0<strong>pl\u00e1stico de un s\u00f3lo uso<\/strong>\u00a0ya sea \u201c<strong>a t\u00edtulo oneroso o bajo cualquier concepto<\/strong>\u201d. Es decir, que los clientes ya no podr\u00e1n comprarlos.<\/p>\n<p>\u201c<strong>Seg\u00fan registros del portal de la Organizaci\u00f3n de Naciones Unidas (ONU), el 91% de todo el pl\u00e1stico es de un solo uso y el ritmo de producci\u00f3n masivo ha resultado en 8.300 millones de toneladas m\u00e9tricas de contaminaci\u00f3n por pl\u00e1stico<\/strong>\u201d, puntualiz\u00f3 la diputada bonaerense del\u00a0<strong>Frente Renovador<\/strong>.<\/p>\n<p><strong>Qu\u00e9 productos pl\u00e1sticos cobrar\u00edan los comercios<\/strong><\/p>\n<ul>\n<li>Sorbetes<\/li>\n<li>Agitadores de bebidas<\/li>\n<li>Palitos destinados a sujetar globos<\/li>\n<li>Soportes de pl\u00e1sticos para consumo de helados<\/li>\n<li>Escarbadientes de pl\u00e1stico<\/li>\n<li>Bolsas de pl\u00e1stico<\/li>\n<li>Cualquier otro producto que cumpla con la condici\u00f3n de \u201cpl\u00e1stico de un s\u00f3lo uso\u201d<\/li>\n<\/ul>\n<p>Por \u00faltimo,\u00a0Rasquetti\u00a0indic\u00f3 que entre los problemas m\u00e1s importantes del uso de dichos productos de\u00a0pl\u00e1stico de un s\u00f3lo uso\u00a0son \u201cla contaminaci\u00f3n de cuerpos de agua y suelos, entre un 60 a 90% de la basura que se encuentra en el mar son\u00a0pl\u00e1sticos, producen bloqueos de v\u00edas fluviales y la agravaci\u00f3n de esto en los desastres naturales\u201d. <strong>(VW)<\/strong><\/p>\n<p>&nbsp;<\/p>\n","protected":false},"excerpt":{"rendered":"<p>Es para que los comercios cobren aparte los productos pl\u00e1sticos como vasos, bandejas y envoltorios. Lo present\u00f3 la diputada bonaerense Ayel\u00e9n Rasquetti.<\/p>\n","protected":false},"author":4,"featured_media":14471,"comment_status":"closed","ping_status":"closed","sticky":false,"template":"","format":"standard","meta":{"_monsterinsights_skip_tracking":false,"_monsterinsights_sitenote_active":false,"_monsterinsights_sitenote_note":"","_monsterinsights_sitenote_category":0,"footnotes":""},"categories":[4],"tags":[6050,6049],"class_list":["post-14470","post","type-post","status-publish","format-standard","has-post-thumbnail","hentry","category-politica","tag-diputada-bonaerense-rasquetti","tag-proyecto-reduccion-de-consumo-envases-plasticos"],"_links":{"self":[{"href":"https:\/\/www.visionweb.com.ar\/index.php?rest_route=\/wp\/v2\/posts\/14470","targetHints":{"allow":["GET"]}}],"collection":[{"href":"https:\/\/www.visionweb.com.ar\/index.php?rest_route=\/wp\/v2\/posts"}],"about":[{"href":"https:\/\/www.visionweb.com.ar\/index.php?rest_route=\/wp\/v2\/types\/post"}],"author":[{"embeddable":true,"href":"https:\/\/www.visionweb.com.ar\/index.php?rest_route=\/wp\/v2\/users\/4"}],"replies":[{"embeddable":true,"href":"https:\/\/www.visionweb.com.ar\/index.php?rest_route=%2Fwp%2Fv2%2Fcomments&post=14470"}],"version-history":[{"count":1,"href":"https:\/\/www.visionweb.com.ar\/index.php?rest_route=\/wp\/v2\/posts\/14470\/revisions"}],"predecessor-version":[{"id":14472,"href":"https:\/\/www.visionweb.com.ar\/index.php?rest_route=\/wp\/v2\/posts\/14470\/revisions\/14472"}],"wp:featuredmedia":[{"embeddable":true,"href":"https:\/\/www.visionweb.com.ar\/index.php?rest_route=\/wp\/v2\/media\/14471"}],"wp:attachment":[{"href":"https:\/\/www.visionweb.com.ar\/index.php?rest_route=%2Fwp%2Fv2%2Fmedia&parent=14470"}],"wp:term":[{"taxonomy":"category","embeddable":true,"href":"https:\/\/www.visionweb.com.ar\/index.php?rest_route=%2Fwp%2Fv2%2Fcategories&post=14470"},{"taxonomy":"post_tag","embeddable":true,"href":"https:\/\/www.visionweb.com.ar\/index.php?rest_route=%2Fwp%2Fv2%2Ftags&post=14470"}],"curies":[{"name":"wp","href":"https:\/\/api.w.org\/{rel}","templated":true}]}}