{"id":14467,"date":"2024-05-08T13:13:42","date_gmt":"2024-05-08T16:13:42","guid":{"rendered":"https:\/\/www.visionweb.com.ar\/?p=14467"},"modified":"2024-05-08T13:13:42","modified_gmt":"2024-05-08T16:13:42","slug":"el-gobierno-provincial-recibio-a-los-gremios-por-la-critica-situacion-economica","status":"publish","type":"post","link":"https:\/\/www.visionweb.com.ar\/?p=14467","title":{"rendered":"El Gobierno Provincial recibi\u00f3 a los gremios por la cr\u00edtica situaci\u00f3n econ\u00f3mica"},"content":{"rendered":"<p><strong><em>El Ejecutivo se reuni\u00f3 con sindicatos de diferentes sectores. Se refiri\u00f3 a los recortes de Naci\u00f3n y la ca\u00edda en las recaudaciones. Habr\u00e1 nueva reuni\u00f3n por reapertura de paritarias durante este mes.<\/em><\/strong><!--more--><\/p>\n<div id=\"attachment_14468\" style=\"width: 310px\" class=\"wp-caption alignright\"><img loading=\"lazy\" decoding=\"async\" aria-describedby=\"caption-attachment-14468\" class=\"wp-image-14468 size-medium\" src=\"https:\/\/www.visionweb.com.ar\/wp-content\/uploads\/2024\/05\/ATE-reunion-300x202.png\" alt=\"\" width=\"300\" height=\"202\" srcset=\"https:\/\/www.visionweb.com.ar\/wp-content\/uploads\/2024\/05\/ATE-reunion-300x202.png 300w, https:\/\/www.visionweb.com.ar\/wp-content\/uploads\/2024\/05\/ATE-reunion.png 553w\" sizes=\"auto, (max-width: 300px) 100vw, 300px\" \/><p id=\"caption-attachment-14468\" class=\"wp-caption-text\">Foto: Prensa ATE<\/p><\/div>\n<p><strong>\u00a0\u00a0\u00a0 E<\/strong>l Gobierno bonaerense recibi\u00f3 en las \u00faltimas horas a gremios estatales a los que alert\u00f3 sobre la <strong>cr\u00edtica situaci\u00f3n que atraviesa la Provincia<\/strong> por la ca\u00edda de transferencias por parte de Naci\u00f3n y la baja en la recaudaci\u00f3n de impuestos.<\/p>\n<p>Tal como hizo el mes anterior, la Provincia recibi\u00f3 ayer de manera informal a sindicatos estatales para dar cuenta sobre la situaci\u00f3n econ\u00f3mica y fiscal del Estado bonaerense, en medio de la crisis econ\u00f3mica nacional y tras los recortes de fondos por parte del gobierno.<\/p>\n<p>En el encuentro estuvieron presentes el ministro de Econom\u00eda, Pablo L\u00f3pez, y su par de Trabajo, Walter Correa, adem\u00e1s de otros funcionarios bonaerenses, mientras que por el sector gremial, participaron referentes de las distintas organizaciones que representan a trabajadores de estatales.<\/p>\n<p>Fuentes presentes en el c\u00f3nclave detallaron a la agencia DIB que las autoridades advirtieron que las <strong>ca\u00eddas de las transferencias<\/strong> no autom\u00e1ticas por parte de Naci\u00f3n ascienden a un <strong>80%<\/strong> y que tambi\u00e9n se registran bajas en la recaudaci\u00f3n, en medio de una crisis nacional con <strong>ca\u00edda de producci\u00f3n y empleo<\/strong>.<\/p>\n<p>La Provincia tambi\u00e9n se refiri\u00f3 a las iniciativas que viene llevando adelante para ampliar la recaudaci\u00f3n y a la situaci\u00f3n de los reclamos judiciales por los fondos no transferidos por Milei, como el del subsidio al transporte y el Incentivo Docente (Fonid).<\/p>\n<p>En el encuentro se hizo referencia a una \u201c<strong>situaci\u00f3n econ\u00f3mica dram\u00e1tica<\/strong>\u201d por los recortes nacionales y, en este marco, la Provincia manifest\u00f3 que su prioridad es cumplir con las responsabilidades de <strong>pagar a los trabajadores en tiempo y forma<\/strong>.<\/p>\n<p>\u201cEst\u00e1n garantizando el pago de aguinaldo y el pago de sueldos, pero el panorama es complejo\u201d, resumieron fuentes gremiales. A pesar de la cr\u00edtica situaci\u00f3n, el Gobierno provincial volver\u00eda a convocar a los sindicatos a la reapertura de las paritarias durante este mes. <strong>(VW)<\/strong><\/p>\n<p>&nbsp;<\/p>\n","protected":false},"excerpt":{"rendered":"<p>El Ejecutivo se reuni\u00f3 con sindicatos de diferentes sectores. Se refiri\u00f3 a los recortes de Naci\u00f3n y la ca\u00edda en las recaudaciones. Habr\u00e1 nueva reuni\u00f3n por reapertura de paritarias durante este mes.<\/p>\n","protected":false},"author":4,"featured_media":14468,"comment_status":"closed","ping_status":"closed","sticky":false,"template":"","format":"standard","meta":{"_monsterinsights_skip_tracking":false,"_monsterinsights_sitenote_active":false,"_monsterinsights_sitenote_note":"","_monsterinsights_sitenote_category":0,"footnotes":""},"categories":[4],"tags":[6048,6046,6047],"class_list":["post-14467","post","type-post","status-publish","format-standard","has-post-thumbnail","hentry","category-politica","tag-critica-situacion","tag-gobierno-provincial","tag-reunion-con-gremios"],"_links":{"self":[{"href":"https:\/\/www.visionweb.com.ar\/index.php?rest_route=\/wp\/v2\/posts\/14467","targetHints":{"allow":["GET"]}}],"collection":[{"href":"https:\/\/www.visionweb.com.ar\/index.php?rest_route=\/wp\/v2\/posts"}],"about":[{"href":"https:\/\/www.visionweb.com.ar\/index.php?rest_route=\/wp\/v2\/types\/post"}],"author":[{"embeddable":true,"href":"https:\/\/www.visionweb.com.ar\/index.php?rest_route=\/wp\/v2\/users\/4"}],"replies":[{"embeddable":true,"href":"https:\/\/www.visionweb.com.ar\/index.php?rest_route=%2Fwp%2Fv2%2Fcomments&post=14467"}],"version-history":[{"count":1,"href":"https:\/\/www.visionweb.com.ar\/index.php?rest_route=\/wp\/v2\/posts\/14467\/revisions"}],"predecessor-version":[{"id":14469,"href":"https:\/\/www.visionweb.com.ar\/index.php?rest_route=\/wp\/v2\/posts\/14467\/revisions\/14469"}],"wp:featuredmedia":[{"embeddable":true,"href":"https:\/\/www.visionweb.com.ar\/index.php?rest_route=\/wp\/v2\/media\/14468"}],"wp:attachment":[{"href":"https:\/\/www.visionweb.com.ar\/index.php?rest_route=%2Fwp%2Fv2%2Fmedia&parent=14467"}],"wp:term":[{"taxonomy":"category","embeddable":true,"href":"https:\/\/www.visionweb.com.ar\/index.php?rest_route=%2Fwp%2Fv2%2Fcategories&post=14467"},{"taxonomy":"post_tag","embeddable":true,"href":"https:\/\/www.visionweb.com.ar\/index.php?rest_route=%2Fwp%2Fv2%2Ftags&post=14467"}],"curies":[{"name":"wp","href":"https:\/\/api.w.org\/{rel}","templated":true}]}}