{"id":14464,"date":"2024-05-08T13:02:36","date_gmt":"2024-05-08T16:02:36","guid":{"rendered":"https:\/\/www.visionweb.com.ar\/?p=14464"},"modified":"2024-05-08T13:47:47","modified_gmt":"2024-05-08T16:47:47","slug":"provincia-kreplak-defiende-sus-proyectos-de-salud-ante-los-diputados-de-la-oposicion","status":"publish","type":"post","link":"https:\/\/www.visionweb.com.ar\/?p=14464","title":{"rendered":"Provincia: Kreplak defiende sus proyectos de Salud ante los diputados de la oposici\u00f3n"},"content":{"rendered":"<p><em><strong>El Ministro de Salud bonaerense expone en la reuni\u00f3n de la Comisi\u00f3n de Salud de la C\u00e1mara de Diputados. Busca crear por ley una empresa de emergencias y laboratorio propio para la producci\u00f3n de medicamentos. El radicalismo analiza los textos y el PRO ya adelant\u00f3 su negativa.<\/strong><\/em><!--more--><\/p>\n<p><strong> <img loading=\"lazy\" decoding=\"async\" class=\"size-medium wp-image-14474 alignright\" src=\"https:\/\/www.visionweb.com.ar\/wp-content\/uploads\/2024\/05\/Kreplak-1-300x272.png\" alt=\"\" width=\"300\" height=\"272\" srcset=\"https:\/\/www.visionweb.com.ar\/wp-content\/uploads\/2024\/05\/Kreplak-1-300x272.png 300w, https:\/\/www.visionweb.com.ar\/wp-content\/uploads\/2024\/05\/Kreplak-1.png 348w\" sizes=\"auto, (max-width: 300px) 100vw, 300px\" \/>\u00a0\u00a0 E<\/strong>l ministro de <strong>Salud bonaerense, Nicol\u00e1s Kreplak<\/strong>, se reuni\u00f3 este mediod\u00eda en la\u00a0<strong>Legislatura\u00a0<\/strong>para participar de la <strong>Comisi\u00f3n de Salud de la\u00a0C\u00e1mara de Diputados<\/strong>\u00a0provincial, en la que defender\u00e1 proyectos claves en materia de salud, como c<strong>rear una empresa de emergencias<\/strong> bajo la figura de Sociedad de Estado, un <strong>laboratorio propio<\/strong> para la producci\u00f3n de medicamentos.<\/p>\n<p>A la vez, otra iniciativa consiste en la creaci\u00f3n del Instituto universitario \u201cFloreal Ferrara\u201d para fortalecer la capacitaci\u00f3n de la fuerza laboral en salud.<\/p>\n<p>La reuni\u00f3n cuenta con la presencia, adem\u00e1s, del Asesor General de Gobierno,\u00a0<strong>Santiago P\u00e9rez Teruel<\/strong>, mientras que los intendentes y legisladores de la\u00a0<strong>UCR\u00a0<\/strong>se mostraron dispuestos a analizar los proyectos, aunque los alcaldes que conforman el Foro de jefes comunales del radicalismo fueron categ\u00f3ricos en se\u00f1alar que esperan respuesta para la conformaci\u00f3n de una mesa de trabajo junto al titular de la cartera sanitaria.<\/p>\n<p>Durante esta semana el ministro de Salud bonaerense reuni\u00f3 a intendentes de toda la provincia en el marco del <strong>Consejo Federal de Salud<\/strong> y, en esa ocasi\u00f3n, dio detalles de los proyectos que hoy defiende ante legisladores.<\/p>\n<p>Se trata de la creaci\u00f3n de una Sociedad An\u00f3nima con Participaci\u00f3n Estatal Mayoritaria (SAPEM) para coordinar el Centro de industria farmac\u00e9utica bonaerense y la Empresa bonaerense de emergencias en salud.<\/p>\n<p>Los jefes comunales son claves para esa nueva organizaci\u00f3n sanitaria dado que son ellos quienes tienen a cargo el sistema de emergencia local, a trav\u00e9s del control sobre las ambulancias del SAME. El objetivo es lograr mayor coordinaci\u00f3n e integraci\u00f3n.<\/p>\n<p>Cabe recordar que ambas normas fueron enviadas a la c\u00e1mara baja el pasado mes de marzo tras haber sido rechazadas sobre el final de 2023.<\/p>\n<p>Ahora deber\u00e1n negociarse acuerdos con otras fuerzas pol\u00edticas para que las nuevas empresas provinciales eviten repetir el mismo destino. <strong>(VW)<\/strong><\/p>\n<p>&nbsp;<\/p>\n","protected":false},"excerpt":{"rendered":"<p>El Ministro de Salud bonaerense expone en la reuni\u00f3n de la Comisi\u00f3n de Salud de la C\u00e1mara de Diputados. Busca crear por ley una empresa de emergencias y laboratorio propio para la producci\u00f3n de&#46;&#46;&#46;<\/p>\n","protected":false},"author":4,"featured_media":14474,"comment_status":"closed","ping_status":"closed","sticky":false,"template":"","format":"standard","meta":{"_monsterinsights_skip_tracking":false,"_monsterinsights_sitenote_active":false,"_monsterinsights_sitenote_note":"","_monsterinsights_sitenote_category":0,"footnotes":""},"categories":[4],"tags":[143,3402,6045],"class_list":["post-14464","post","type-post","status-publish","format-standard","has-post-thumbnail","hentry","category-politica","tag-diputados","tag-nicolas-kreplak","tag-proyectos-de-salud"],"_links":{"self":[{"href":"https:\/\/www.visionweb.com.ar\/index.php?rest_route=\/wp\/v2\/posts\/14464","targetHints":{"allow":["GET"]}}],"collection":[{"href":"https:\/\/www.visionweb.com.ar\/index.php?rest_route=\/wp\/v2\/posts"}],"about":[{"href":"https:\/\/www.visionweb.com.ar\/index.php?rest_route=\/wp\/v2\/types\/post"}],"author":[{"embeddable":true,"href":"https:\/\/www.visionweb.com.ar\/index.php?rest_route=\/wp\/v2\/users\/4"}],"replies":[{"embeddable":true,"href":"https:\/\/www.visionweb.com.ar\/index.php?rest_route=%2Fwp%2Fv2%2Fcomments&post=14464"}],"version-history":[{"count":3,"href":"https:\/\/www.visionweb.com.ar\/index.php?rest_route=\/wp\/v2\/posts\/14464\/revisions"}],"predecessor-version":[{"id":14475,"href":"https:\/\/www.visionweb.com.ar\/index.php?rest_route=\/wp\/v2\/posts\/14464\/revisions\/14475"}],"wp:featuredmedia":[{"embeddable":true,"href":"https:\/\/www.visionweb.com.ar\/index.php?rest_route=\/wp\/v2\/media\/14474"}],"wp:attachment":[{"href":"https:\/\/www.visionweb.com.ar\/index.php?rest_route=%2Fwp%2Fv2%2Fmedia&parent=14464"}],"wp:term":[{"taxonomy":"category","embeddable":true,"href":"https:\/\/www.visionweb.com.ar\/index.php?rest_route=%2Fwp%2Fv2%2Fcategories&post=14464"},{"taxonomy":"post_tag","embeddable":true,"href":"https:\/\/www.visionweb.com.ar\/index.php?rest_route=%2Fwp%2Fv2%2Ftags&post=14464"}],"curies":[{"name":"wp","href":"https:\/\/api.w.org\/{rel}","templated":true}]}}