{"id":14457,"date":"2024-05-08T09:31:50","date_gmt":"2024-05-08T12:31:50","guid":{"rendered":"https:\/\/www.visionweb.com.ar\/?p=14457"},"modified":"2024-05-08T09:31:50","modified_gmt":"2024-05-08T12:31:50","slug":"como-funcionara-la-feria-del-libro-el-9-de-mayo","status":"publish","type":"post","link":"https:\/\/www.visionweb.com.ar\/?p=14457","title":{"rendered":"C\u00f3mo funcionar\u00e1 la feria del Libro el 9 de mayo"},"content":{"rendered":"<p><em><strong>Las previsiones por el paro. La entrada se cobrar\u00e1 en forma habitual. Cada expositor definir\u00e1 sobre el funcionamiento de su stand.\u00a0\u00a0<\/strong><\/em><!--more--><\/p>\n<p><img loading=\"lazy\" decoding=\"async\" class=\"size-medium wp-image-14355 alignright\" src=\"https:\/\/www.visionweb.com.ar\/wp-content\/uploads\/2024\/04\/FERIA-DEL-LIBRO-2-300x161.png\" alt=\"\" width=\"300\" height=\"161\" srcset=\"https:\/\/www.visionweb.com.ar\/wp-content\/uploads\/2024\/04\/FERIA-DEL-LIBRO-2-300x161.png 300w, https:\/\/www.visionweb.com.ar\/wp-content\/uploads\/2024\/04\/FERIA-DEL-LIBRO-2.png 640w\" sizes=\"auto, (max-width: 300px) 100vw, 300px\" \/>La organizaci\u00f3n de la 48\u00aa Edici\u00f3n de la Feria Internacional del Libro record\u00f3 que el pr\u00f3ximo jueves, con motivo de paro dispuesto por la CGT (Confederaci\u00f3n General del Trabajo), que se realizar\u00e1 el jueves 9 de mayo, la actividad ser\u00e1 normal.<\/p>\n<p>Sin embargo, aclar\u00f3 la organizaci\u00f3n de la muestra, que la Feria permanecer\u00e1 abierta entre las 14 y las 20, aunque se debieron re programar algunas actividades.<\/p>\n<p>Respecto del funcionamiento de los stands que participan de la exposici\u00f3n, cada uno de sus responsables dispondr\u00e1 el criterio a seguir.<\/p>\n<p><strong>ACTIVIDADES DEL 9 DE MAYO REPROGRAMADAS<\/strong><\/p>\n<p>La Palabra Ind\u00edgena. Di\u00e1logo con Escritoras y Escritores Originarios<\/p>\n<p><strong>Mesa II. 17:30 a 18.30 hs.<\/strong><\/p>\n<p>Di\u00e1logo: El fuego yag\u00e1n. Di\u00e1logo entre mundos.<br \/>\nParticipan: Sylvia Iparraguirre (Escritora, Argentina) &#8211; V\u00edctor Vargas Filgueiras (Escritor<br \/>\ndel pueblo yag\u00e1n, Argentina)<\/p>\n<p><strong>Mesa III. 19.00 a 20.00 hs.<\/strong><\/p>\n<p>Di\u00e1logo: Cartograf\u00eda de la literatura ind\u00edgena en Am\u00e9rica. A ambos lados de los<br \/>\nAndes.<br \/>\nParticipan: Viviana Ayilef (Escritora del pueblo mapuche, Argentina) &#8211; Daniela Catrileo<br \/>\n(Escritora del pueblo mapuche, Chile)<br \/>\nModera: Fiona Mart\u00ednez (Antrop\u00f3loga, Argentina)<\/p>\n<p>17:00 hs CONCIERTO EXPRESSO TRANSATL\u00c2NTICO. RESSACA BAILADA<br \/>\nUn viaje musical entre las influencias de la tradici\u00f3n portuguesa y las sonoridades<br \/>\ncontempor\u00e1neas.<\/p>\n<p>La banda ilustra musicalmente sus vivencias en una Lisboa cosmopolita y multicultural, haciendo la guitarra portuguesa el personaje principal de sus temas.<br \/>\nParticipan: Gaspar Varela, Sebasti\u00e3o Varela, Rafael Alexandre, Tiago Martins, Jos\u00e9 Cruz<\/p>\n<p>Organiza: Lisboa, Ciudad Invitada de Honor<br \/>\nSala: Jos\u00e9 Hern\u00e1ndez<\/p>\n<p><strong>Pabell\u00f3n: Pabell\u00f3n Rojo<\/strong><\/p>\n<p>17:00 hs XIV Jornada Ferial de Microficci\u00f3n: Lecturas de microficcionistas de todo el<br \/>\npa\u00eds y del extranjero, algunas presenciales y otras en video y, eventualmente, muestras<br \/>\nde g\u00e9neros brev\u00edsimos dram\u00e1ticos, audiovisuales y musicales.<\/p>\n<p>Participan: Presenciales: Ana Mar\u00eda Shua, Luisa Valenzuela, Eduardo Gotthelf, Jaime<br \/>\nMu\u00f1oz Vargas (M\u00e9xico), Dina Grijalva (M\u00e9xico), Laura Nicastro, Rocco Laguzzi, Leo<br \/>\nMercado, Carolina Fern\u00e1ndez, Omar Occhi, Paola Vincenti, Romina Abramovich, Marita<br \/>\nPil\u00e1n. En pantalla: Julia Otxoa (Espa\u00f1a), Liliana Massara (Argentina), Roberto Abad<br \/>\n(M\u00e9xico), Gin\u00e9s Cutillas (Espa\u00f1a), Manu Espada (Espa\u00f1a), Eduardo Berti (Argentina), Beto<br \/>\nBenza (Per\u00fa), Paola Tena (M\u00e9xico).<br \/>\nPresenta: Ra\u00fal Brasca y Mart\u00edn Gardella<br \/>\nOrganiza: Fundaci\u00f3n El Libro<br \/>\nSala: Julio Cort\u00e1zar<\/p>\n<p><strong>Pabell\u00f3n: Pabell\u00f3n Amarillo<\/strong><\/p>\n<p>19:00 MESA | \u00bfSOBRE QU\u00c9 ESCRIBEN LAS MUJERES? \u00bfA\u00fan existen temas<br \/>\nfemeninos? \u00bfA\u00fan existe la expectativa de que las mujeres lloren por amores no<br \/>\ncorrespondidos o todo termin\u00f3 con Simone de Beauvoir? Seis autoras portuguesas<br \/>\nhablan sobre lo que han escrito: historias de violencia, lucha, sufrimiento, aprendizaje,<br \/>\nmem\u00f3ria y ausencia.<\/p>\n<p>Participan: Ana Claudia Santos, Susana Moreira Marques, Isabela Figueiredo y Joana<br \/>\nB\u00e9rtholo<br \/>\nOrganiza: Lisboa, Ciudad Invitada de Honor<br \/>\nSala: Tulio Halper\u00edn Donghi<\/p>\n<p>La programaci\u00f3n completa pod\u00e9s consultarla AQU\u00cd<\/p>\n<p><strong>(VW)<\/strong><\/p>\n","protected":false},"excerpt":{"rendered":"<p>Las previsiones por el paro. La entrada se cobrar\u00e1 en forma habitual. Cada expositor definir\u00e1 sobre el funcionamiento de su stand.\u00a0\u00a0<\/p>\n","protected":false},"author":3,"featured_media":14331,"comment_status":"closed","ping_status":"closed","sticky":false,"template":"","format":"standard","meta":{"_monsterinsights_skip_tracking":false,"_monsterinsights_sitenote_active":false,"_monsterinsights_sitenote_note":"","_monsterinsights_sitenote_category":0,"footnotes":""},"categories":[7],"tags":[94,6043,252],"class_list":["post-14457","post","type-post","status-publish","format-standard","has-post-thumbnail","hentry","category-educacion-y-cultura","tag-actividades","tag-freia-del-libro","tag-paro"],"_links":{"self":[{"href":"https:\/\/www.visionweb.com.ar\/index.php?rest_route=\/wp\/v2\/posts\/14457","targetHints":{"allow":["GET"]}}],"collection":[{"href":"https:\/\/www.visionweb.com.ar\/index.php?rest_route=\/wp\/v2\/posts"}],"about":[{"href":"https:\/\/www.visionweb.com.ar\/index.php?rest_route=\/wp\/v2\/types\/post"}],"author":[{"embeddable":true,"href":"https:\/\/www.visionweb.com.ar\/index.php?rest_route=\/wp\/v2\/users\/3"}],"replies":[{"embeddable":true,"href":"https:\/\/www.visionweb.com.ar\/index.php?rest_route=%2Fwp%2Fv2%2Fcomments&post=14457"}],"version-history":[{"count":1,"href":"https:\/\/www.visionweb.com.ar\/index.php?rest_route=\/wp\/v2\/posts\/14457\/revisions"}],"predecessor-version":[{"id":14458,"href":"https:\/\/www.visionweb.com.ar\/index.php?rest_route=\/wp\/v2\/posts\/14457\/revisions\/14458"}],"wp:featuredmedia":[{"embeddable":true,"href":"https:\/\/www.visionweb.com.ar\/index.php?rest_route=\/wp\/v2\/media\/14331"}],"wp:attachment":[{"href":"https:\/\/www.visionweb.com.ar\/index.php?rest_route=%2Fwp%2Fv2%2Fmedia&parent=14457"}],"wp:term":[{"taxonomy":"category","embeddable":true,"href":"https:\/\/www.visionweb.com.ar\/index.php?rest_route=%2Fwp%2Fv2%2Fcategories&post=14457"},{"taxonomy":"post_tag","embeddable":true,"href":"https:\/\/www.visionweb.com.ar\/index.php?rest_route=%2Fwp%2Fv2%2Ftags&post=14457"}],"curies":[{"name":"wp","href":"https:\/\/api.w.org\/{rel}","templated":true}]}}