{"id":14452,"date":"2024-05-07T18:57:17","date_gmt":"2024-05-07T21:57:17","guid":{"rendered":"https:\/\/www.visionweb.com.ar\/?p=14452"},"modified":"2024-05-07T18:57:17","modified_gmt":"2024-05-07T21:57:17","slug":"el-municipio-realizara-realizara-jornadas-integrales-de-salud-para-infancias-y-adolescencias-en-lanus-este-y-oeste","status":"publish","type":"post","link":"https:\/\/www.visionweb.com.ar\/?p=14452","title":{"rendered":"El Municipio realizar\u00e1 realizar\u00e1 Jornadas Integrales de Salud para Infancias y Adolescencias en Lan\u00fas Este y Oeste"},"content":{"rendered":"<p><em><strong>En los dispositivos territoriales, los chicos y chicas podr\u00e1n acceder a: lA OBTENCI\u00d3N DEL apto f\u00edsico para entregar a instituciones educativas (previa evaluaci\u00f3n a cargo de profesionales m\u00e9dicos) o, vacunaci\u00f3n de calendario, entre otros servicios.<\/strong><\/em><!--more--><\/p>\n<p><img loading=\"lazy\" decoding=\"async\" class=\"size-medium wp-image-14453 alignright\" src=\"https:\/\/www.visionweb.com.ar\/wp-content\/uploads\/2024\/05\/JORNADAS-300x300.png\" alt=\"\" width=\"300\" height=\"300\" srcset=\"https:\/\/www.visionweb.com.ar\/wp-content\/uploads\/2024\/05\/JORNADAS-300x300.png 300w, https:\/\/www.visionweb.com.ar\/wp-content\/uploads\/2024\/05\/JORNADAS-150x150.png 150w, https:\/\/www.visionweb.com.ar\/wp-content\/uploads\/2024\/05\/JORNADAS-80x80.png 80w, https:\/\/www.visionweb.com.ar\/wp-content\/uploads\/2024\/05\/JORNADAS-320x320.png 320w, https:\/\/www.visionweb.com.ar\/wp-content\/uploads\/2024\/05\/JORNADAS-65x65.png 65w, https:\/\/www.visionweb.com.ar\/wp-content\/uploads\/2024\/05\/JORNADAS.png 480w\" sizes=\"auto, (max-width: 300px) 100vw, 300px\" \/>Las autoridades sanitarias del municipio Lan\u00fas llevar\u00e1n adelante el mi\u00e9rcoles 8 y viernes 10 de mayo dos nuevas Jornadas Integrales de Salud para Infancias y Adolescencias, con el objetivo de seguir brindando herramientas que acompa\u00f1en a las familias en el crecimiento de los ni\u00f1os, ni\u00f1as y j\u00f3venes de la ciudad.<\/p>\n<p>Los encuentros se desarrollar\u00e1n en el Centro de Medicina Preventiva y en la Unidad Sanitaria Lan\u00fas Oeste, ubicados en Sitio de Montevideo 1862 (Lan\u00fas Este) y Av. 25 de Mayo 707 (Lan\u00fas Oeste), respectivamente.<\/p>\n<p>Cabe destacar que la atenci\u00f3n es \u00fanicamente con turno previo, que se podr\u00e1 gestionar los d\u00edas lunes 6 y 7 de mayo de 8 a 12 hs.<\/p>\n<p>Las jornadas ser\u00e1 en Lan\u00fas Estedesde el lunes 6 hasta el jueves 9 de mayo y, en Lan\u00fas Oeste,en la misma franja horaria. Las charlas ser\u00e1n en forma presencial y los participantes deber\u00e1n presentarse con el DNI en mano.<\/p>\n<p>En los dispositivos territoriales, los chicos y chicas podr\u00e1n acceder a:<\/p>\n<ul>\n<li>Apto f\u00edsico para entregar a instituciones educativas (previa evaluaci\u00f3n a cargo de profesionales m\u00e9dicos).<\/li>\n<li>Vacunaci\u00f3n de calendario.<\/li>\n<li>Vacunaci\u00f3n Covid-19.<\/li>\n<li>Talleres de salud mental y mesas de g\u00e9nero.<strong>(VW)<\/strong><\/li>\n<\/ul>\n<div id=\"m_1903526765884451274signature\">&#8212;<\/div>\n","protected":false},"excerpt":{"rendered":"<p>En los dispositivos territoriales, los chicos y chicas podr\u00e1n acceder a: lA OBTENCI\u00d3N DEL apto f\u00edsico para entregar a instituciones educativas (previa evaluaci\u00f3n a cargo de profesionales m\u00e9dicos) o, vacunaci\u00f3n de calendario, entre otros&#46;&#46;&#46;<\/p>\n","protected":false},"author":3,"featured_media":14453,"comment_status":"closed","ping_status":"closed","sticky":false,"template":"","format":"standard","meta":{"_monsterinsights_skip_tracking":false,"_monsterinsights_sitenote_active":false,"_monsterinsights_sitenote_note":"","_monsterinsights_sitenote_category":0,"footnotes":""},"categories":[8],"tags":[6041,103,3772,1081],"class_list":["post-14452","post","type-post","status-publish","format-standard","has-post-thumbnail","hentry","category-interes-general","tag-alud","tag-controles","tag-jornadas","tag-sanidad"],"_links":{"self":[{"href":"https:\/\/www.visionweb.com.ar\/index.php?rest_route=\/wp\/v2\/posts\/14452","targetHints":{"allow":["GET"]}}],"collection":[{"href":"https:\/\/www.visionweb.com.ar\/index.php?rest_route=\/wp\/v2\/posts"}],"about":[{"href":"https:\/\/www.visionweb.com.ar\/index.php?rest_route=\/wp\/v2\/types\/post"}],"author":[{"embeddable":true,"href":"https:\/\/www.visionweb.com.ar\/index.php?rest_route=\/wp\/v2\/users\/3"}],"replies":[{"embeddable":true,"href":"https:\/\/www.visionweb.com.ar\/index.php?rest_route=%2Fwp%2Fv2%2Fcomments&post=14452"}],"version-history":[{"count":1,"href":"https:\/\/www.visionweb.com.ar\/index.php?rest_route=\/wp\/v2\/posts\/14452\/revisions"}],"predecessor-version":[{"id":14454,"href":"https:\/\/www.visionweb.com.ar\/index.php?rest_route=\/wp\/v2\/posts\/14452\/revisions\/14454"}],"wp:featuredmedia":[{"embeddable":true,"href":"https:\/\/www.visionweb.com.ar\/index.php?rest_route=\/wp\/v2\/media\/14453"}],"wp:attachment":[{"href":"https:\/\/www.visionweb.com.ar\/index.php?rest_route=%2Fwp%2Fv2%2Fmedia&parent=14452"}],"wp:term":[{"taxonomy":"category","embeddable":true,"href":"https:\/\/www.visionweb.com.ar\/index.php?rest_route=%2Fwp%2Fv2%2Fcategories&post=14452"},{"taxonomy":"post_tag","embeddable":true,"href":"https:\/\/www.visionweb.com.ar\/index.php?rest_route=%2Fwp%2Fv2%2Ftags&post=14452"}],"curies":[{"name":"wp","href":"https:\/\/api.w.org\/{rel}","templated":true}]}}