{"id":14448,"date":"2024-05-07T17:07:50","date_gmt":"2024-05-07T20:07:50","guid":{"rendered":"https:\/\/www.visionweb.com.ar\/?p=14448"},"modified":"2024-05-07T17:07:50","modified_gmt":"2024-05-07T20:07:50","slug":"el-centro-cultural-cck-se-llamara-palacio-libertad","status":"publish","type":"post","link":"https:\/\/www.visionweb.com.ar\/?p=14448","title":{"rendered":"El Centro Cultural CCK se llamar\u00e1 \u201cPalacio Libertad\u201d"},"content":{"rendered":"<p><strong><em>Avanzar\u00e1n por decreto con la nueva denominaci\u00f3n, aunque deber\u00e1 ser refrendada por el Congreso. <\/em><\/strong><!--more--><\/p>\n<p><strong> <img loading=\"lazy\" decoding=\"async\" class=\"size-medium wp-image-14058 alignright\" src=\"https:\/\/www.visionweb.com.ar\/wp-content\/uploads\/2024\/03\/Correo-Central-300x186.png\" alt=\"\" width=\"300\" height=\"186\" srcset=\"https:\/\/www.visionweb.com.ar\/wp-content\/uploads\/2024\/03\/Correo-Central-300x186.png 300w, https:\/\/www.visionweb.com.ar\/wp-content\/uploads\/2024\/03\/Correo-Central.png 513w\" sizes=\"auto, (max-width: 300px) 100vw, 300px\" \/>\u00a0\u00a0 E<\/strong>l<strong> Gobierno nacional <\/strong>ya eligi\u00f3 el nombre con el que renombrar\u00e1 al<strong> Centro Cultural, <\/strong>luego de meses de nombrarlo como ex CCK,\u00a0la nueva denominaci\u00f3n ser\u00e1<strong> Palacio Libertad,<\/strong> ubicado en Sarmiento al 151.<\/p>\n<p>Algunas de las opciones barajadas fueron Julio Argentino Roca, Jorge Luis Borges, Domingo Faustino Sarmiento y Bartolom\u00e9 Mitre. Finalmente se design\u00f3 el nombre de\u00a0<strong>Palacio Libertad.<\/strong><\/p>\n<p>La nueva denominaci\u00f3n ser\u00e1 efectivizada a trav\u00e9s de un decreto que ser\u00e1 publicado en las pr\u00f3ximas horas en el Bolet\u00edn Oficial.<\/p>\n<p>El portavoz presidencial, Manuel Adorni, en marzo pasado, hab\u00eda adelantado en conferencia de prensa la decisi\u00f3n del Gobierno de avanzar en esta modificaci\u00f3n: \u201cSe ha decidido finalmente cambiarle el nombre al Centro Cultural Kirchner (CCK), as\u00ed que dejar\u00e1 de llamarse como tal y efectivamente se le dar\u00e1 paso a un nuevo nombre\u201d.<\/p>\n<p>Pero, aunque el nuevo nombre para el centro cultural ser\u00e1 establecido por decreto, luego deber\u00e1 ser confirmado por el Congreso.<\/p>\n<p>El CCK fue construido en el antiguo Palacio de Correo e inaugurado en 2015, durante el \u00faltimo gobierno de Cristina Kirchner. Con m\u00e1s de 100.000 metros cuadrados de superficie y dotado de tecnolog\u00eda de vanguardia, el espacio de su tipo m\u00e1s grande de Am\u00e9rica Latina y el tercero a nivel mundial, junto al Centro Pompidou, de Par\u00eds; el Foro Internacional de Tokio; y el Lincoln Center, de Nueva York.<\/p>\n<p>Si el Congreso lo confirma, el Palacio Libertad ser\u00e1 el segundo edifico p\u00fablico con ese nombre en la Ciudad Aut\u00f3noma: ya se llama de ese modo la sede de la Armada Argentina.<\/p>\n<p>La inauguraci\u00f3n original del vistoso edificio se produjo en septiembre de 1928, durante el gobierno del presidente Marcelo T. de Alvear. Unos setenta a\u00f1os despu\u00e9s, ya en 1997, fue declarado Monumento Hist\u00f3rico Nacional. <strong>(VW)<\/strong><\/p>\n<p>&nbsp;<\/p>\n","protected":false},"excerpt":{"rendered":"<p>Avanzar\u00e1n por decreto con la nueva denominaci\u00f3n, aunque deber\u00e1 ser refrendada por el Congreso.<\/p>\n","protected":false},"author":4,"featured_media":14058,"comment_status":"closed","ping_status":"closed","sticky":false,"template":"","format":"standard","meta":{"_monsterinsights_skip_tracking":false,"_monsterinsights_sitenote_active":false,"_monsterinsights_sitenote_note":"","_monsterinsights_sitenote_category":0,"footnotes":""},"categories":[8,4],"tags":[5716,6037,6038],"class_list":["post-14448","post","type-post","status-publish","format-standard","has-post-thumbnail","hentry","category-interes-general","category-politica","tag-centro-cultural-cck","tag-nuevo-nombre","tag-palacio-libertad"],"_links":{"self":[{"href":"https:\/\/www.visionweb.com.ar\/index.php?rest_route=\/wp\/v2\/posts\/14448","targetHints":{"allow":["GET"]}}],"collection":[{"href":"https:\/\/www.visionweb.com.ar\/index.php?rest_route=\/wp\/v2\/posts"}],"about":[{"href":"https:\/\/www.visionweb.com.ar\/index.php?rest_route=\/wp\/v2\/types\/post"}],"author":[{"embeddable":true,"href":"https:\/\/www.visionweb.com.ar\/index.php?rest_route=\/wp\/v2\/users\/4"}],"replies":[{"embeddable":true,"href":"https:\/\/www.visionweb.com.ar\/index.php?rest_route=%2Fwp%2Fv2%2Fcomments&post=14448"}],"version-history":[{"count":1,"href":"https:\/\/www.visionweb.com.ar\/index.php?rest_route=\/wp\/v2\/posts\/14448\/revisions"}],"predecessor-version":[{"id":14449,"href":"https:\/\/www.visionweb.com.ar\/index.php?rest_route=\/wp\/v2\/posts\/14448\/revisions\/14449"}],"wp:featuredmedia":[{"embeddable":true,"href":"https:\/\/www.visionweb.com.ar\/index.php?rest_route=\/wp\/v2\/media\/14058"}],"wp:attachment":[{"href":"https:\/\/www.visionweb.com.ar\/index.php?rest_route=%2Fwp%2Fv2%2Fmedia&parent=14448"}],"wp:term":[{"taxonomy":"category","embeddable":true,"href":"https:\/\/www.visionweb.com.ar\/index.php?rest_route=%2Fwp%2Fv2%2Fcategories&post=14448"},{"taxonomy":"post_tag","embeddable":true,"href":"https:\/\/www.visionweb.com.ar\/index.php?rest_route=%2Fwp%2Fv2%2Ftags&post=14448"}],"curies":[{"name":"wp","href":"https:\/\/api.w.org\/{rel}","templated":true}]}}