{"id":14443,"date":"2024-05-07T09:00:25","date_gmt":"2024-05-07T12:00:25","guid":{"rendered":"https:\/\/www.visionweb.com.ar\/?p=14443"},"modified":"2024-05-07T09:00:25","modified_gmt":"2024-05-07T12:00:25","slug":"docentes-se-suman-al-paro-convocado-por-la-cgt","status":"publish","type":"post","link":"https:\/\/www.visionweb.com.ar\/?p=14443","title":{"rendered":"Docentes se suman al paro convocado por la CGT"},"content":{"rendered":"<p><em><strong>Se sumaron los universitarios y docentes privados. Tambi\u00e9n se sum\u00f3 el Frente Sidical Universitario.<\/strong><\/em><!--more--><\/p>\n<p><strong><img loading=\"lazy\" decoding=\"async\" class=\"size-medium wp-image-13800 alignleft\" src=\"https:\/\/www.visionweb.com.ar\/wp-content\/uploads\/2024\/03\/DOCENTES-300x169.png\" alt=\"\" width=\"300\" height=\"169\" srcset=\"https:\/\/www.visionweb.com.ar\/wp-content\/uploads\/2024\/03\/DOCENTES-300x169.png 300w, https:\/\/www.visionweb.com.ar\/wp-content\/uploads\/2024\/03\/DOCENTES.png 640w\" sizes=\"auto, (max-width: 300px) 100vw, 300px\" \/>El Sindicato Argentino de Docentes Privados y el Frente Sindical de Universidades Nacionales convocaron al paro del pr\u00f3ximo jueves.<\/strong><\/p>\n<p>\u201cPor m\u00e1s derechos. Por la Educaci\u00f3n. Por la Salud. Por un salario justo y condiciones dignas de trabajo. Por un modelo de pa\u00eds con justicia social. Contra el ajuste y la Ley Bases.\u00a0<strong>Este #9M las y los docentes de gesti\u00f3n privada paramos<\/strong>\u201c, anuncia Sadop.<\/p>\n<p>A la medida de fuerza por 24 horas se suma la Federaci\u00f3n de Docentes de las Universidades (<strong>FEDUN<\/strong>) y la Federaci\u00f3n Argentina del Trabajador de las Universidades Nacionales (<strong>FATUN<\/strong>). De esta forma, tanto los docentes como los nodocentes paran.<\/p>\n<p><strong>El Frente Sindical de Universidades Nacionales adhiere y llama al paro nacional del 9 de mayo<\/strong> convocado por las centrales sindicales CGT, CTA Aut\u00f3noma, CTA de los Trabajadores y UTEP (VW).<\/p>\n","protected":false},"excerpt":{"rendered":"<p>Se sumaron los universitarios y docentes privados. Tambi\u00e9n se sum\u00f3 el Frente Sidical Universitario.<\/p>\n","protected":false},"author":3,"featured_media":13800,"comment_status":"closed","ping_status":"closed","sticky":false,"template":"","format":"standard","meta":{"_monsterinsights_skip_tracking":false,"_monsterinsights_sitenote_active":false,"_monsterinsights_sitenote_note":"","_monsterinsights_sitenote_category":0,"footnotes":""},"categories":[3,4],"tags":[410,3947,6033,6034],"class_list":["post-14443","post","type-post","status-publish","format-standard","has-post-thumbnail","hentry","category-actualidad","category-politica","tag-docentes","tag-privados","tag-sindicatos","tag-universitarios"],"_links":{"self":[{"href":"https:\/\/www.visionweb.com.ar\/index.php?rest_route=\/wp\/v2\/posts\/14443","targetHints":{"allow":["GET"]}}],"collection":[{"href":"https:\/\/www.visionweb.com.ar\/index.php?rest_route=\/wp\/v2\/posts"}],"about":[{"href":"https:\/\/www.visionweb.com.ar\/index.php?rest_route=\/wp\/v2\/types\/post"}],"author":[{"embeddable":true,"href":"https:\/\/www.visionweb.com.ar\/index.php?rest_route=\/wp\/v2\/users\/3"}],"replies":[{"embeddable":true,"href":"https:\/\/www.visionweb.com.ar\/index.php?rest_route=%2Fwp%2Fv2%2Fcomments&post=14443"}],"version-history":[{"count":1,"href":"https:\/\/www.visionweb.com.ar\/index.php?rest_route=\/wp\/v2\/posts\/14443\/revisions"}],"predecessor-version":[{"id":14444,"href":"https:\/\/www.visionweb.com.ar\/index.php?rest_route=\/wp\/v2\/posts\/14443\/revisions\/14444"}],"wp:featuredmedia":[{"embeddable":true,"href":"https:\/\/www.visionweb.com.ar\/index.php?rest_route=\/wp\/v2\/media\/13800"}],"wp:attachment":[{"href":"https:\/\/www.visionweb.com.ar\/index.php?rest_route=%2Fwp%2Fv2%2Fmedia&parent=14443"}],"wp:term":[{"taxonomy":"category","embeddable":true,"href":"https:\/\/www.visionweb.com.ar\/index.php?rest_route=%2Fwp%2Fv2%2Fcategories&post=14443"},{"taxonomy":"post_tag","embeddable":true,"href":"https:\/\/www.visionweb.com.ar\/index.php?rest_route=%2Fwp%2Fv2%2Ftags&post=14443"}],"curies":[{"name":"wp","href":"https:\/\/api.w.org\/{rel}","templated":true}]}}