{"id":14440,"date":"2024-05-06T15:45:41","date_gmt":"2024-05-06T18:45:41","guid":{"rendered":"https:\/\/www.visionweb.com.ar\/?p=14440"},"modified":"2024-05-06T15:45:41","modified_gmt":"2024-05-06T18:45:41","slug":"programa-alimentario-para-personas-con-celiaquia-y-con-bajos-ingresos","status":"publish","type":"post","link":"https:\/\/www.visionweb.com.ar\/?p=14440","title":{"rendered":"Programa alimentario para personas con celiaqu\u00eda y con bajos ingresos"},"content":{"rendered":"<p><strong>L<em>a Provincia asiste econ\u00f3micamente a personas con celiaqu\u00eda que no cuentan con obra social y poseen ingresos iguales o inferiores a la canasta b\u00e1sica.<\/em><\/strong><!--more--><\/p>\n<p><img loading=\"lazy\" decoding=\"async\" class=\"size-full wp-image-1690 alignright\" src=\"https:\/\/www.visionweb.com.ar\/wp-content\/uploads\/2021\/05\/asociacion-celiacos.bmp\" alt=\"\" width=\"414\" height=\"289\" \/>\u00a0<strong>E<\/strong>l Ministerio de Desarrollo de la Provincia de Buenos aires, que conduce Andr\u00e9s Larroque, busca promover y visibilizar el\u00a0<strong><em>Programa Alimentario para Personas Cel\u00edacas<\/em><\/strong><em> (PAAC)<\/em>, en el marco de una nueva conmemoraci\u00f3n del<strong>\u00a0D\u00eda de la Celiaqu\u00eda.<\/strong><\/p>\n<p>El programa brinda una asistencia econ\u00f3mica a personas cel\u00edacas destinada a la compra de productos sin TAAC, alimentos vitales para una alimentaci\u00f3n estricta libre de gluten.<\/p>\n<p>Cabe recordar que la enfermedad consiste en la intolerancia permanente al gluten y que el\u00a0<strong>\u00fanico tratamiento es realizar una alimentaci\u00f3n estricta libre de gluten, luego de realizarse el diagn\u00f3stico<\/strong>.<\/p>\n<p>A trav\u00e9s del PAAC, la Provincia de Buenos Aires tiene\u00a0<strong>m\u00e1s de 5.800 destinatarios\u00a0<\/strong>en toda la Provincia y para ello realiza una inversi\u00f3n anual de $109.582 millones.<\/p>\n<p><strong>Qu\u00e9 es el PAAC y c\u00f3mo ser parte del programa para personas con celiaqu\u00eda<\/strong><\/p>\n<p>El Programa Alimentario para Personas Cel\u00edacas est\u00e1 destinado para aquellas personas con esta patolog\u00eda que<strong>\u00a0no tengan obra social y que sus ingresos familiares sean iguales o inferiores a la canasta b\u00e1sica<\/strong>, adem\u00e1s de residir en la provincia de Buenos Aires.<\/p>\n<p>Es una de las prestaciones alimentarias que ofrece la Subsecretar\u00eda de Pol\u00edticas Sociales. Este espacio busca coordinar acciones p\u00fablicas destinadas a la atenci\u00f3n integral de las necesidades de la poblaci\u00f3n, sin dejar de lado problem\u00e1ticas y los derechos de las personas.<\/p>\n<p>Cabe destacar que el<strong>\u00a0PAAC puede sumarse y ser complementario a otros programas alimentarios que ofrezca el Ministerio<\/strong>.<\/p>\n<p>Para gestionar el tr\u00e1mite, se puede acercar al municipio correspondiente o comunicarse v\u00eda mail a\u00a0<a href=\"mailto:paac@mdc.gba.gov.ar\">paac@mdc.gba.gov.ar<\/a>.<\/p>\n<p>A la vez, el Ministerio tambi\u00e9n se encarga y ofrece iniciativas como la de Asistencia Alimentaria para personas que viven con VIH, el SAE, el MESA y el Plan M\u00e1s Vida. <strong>(VW)<\/strong><\/p>\n<p>&nbsp;<\/p>\n","protected":false},"excerpt":{"rendered":"<p>La Provincia asiste econ\u00f3micamente a personas con celiaqu\u00eda que no cuentan con obra social y poseen ingresos iguales o inferiores a la canasta b\u00e1sica.<\/p>\n","protected":false},"author":4,"featured_media":1690,"comment_status":"closed","ping_status":"closed","sticky":false,"template":"","format":"standard","meta":{"_monsterinsights_skip_tracking":false,"_monsterinsights_sitenote_active":false,"_monsterinsights_sitenote_note":"","_monsterinsights_sitenote_category":0,"footnotes":""},"categories":[8,5],"tags":[6030,6029,6031,6032],"class_list":["post-14440","post","type-post","status-publish","format-standard","has-post-thumbnail","hentry","category-interes-general","category-sociedad","tag-asistencia-al-celiaco","tag-ministerio-de-desarrollo-de-la-provincia","tag-paac","tag-programa-alimentario-para-personas-celiacas"],"_links":{"self":[{"href":"https:\/\/www.visionweb.com.ar\/index.php?rest_route=\/wp\/v2\/posts\/14440","targetHints":{"allow":["GET"]}}],"collection":[{"href":"https:\/\/www.visionweb.com.ar\/index.php?rest_route=\/wp\/v2\/posts"}],"about":[{"href":"https:\/\/www.visionweb.com.ar\/index.php?rest_route=\/wp\/v2\/types\/post"}],"author":[{"embeddable":true,"href":"https:\/\/www.visionweb.com.ar\/index.php?rest_route=\/wp\/v2\/users\/4"}],"replies":[{"embeddable":true,"href":"https:\/\/www.visionweb.com.ar\/index.php?rest_route=%2Fwp%2Fv2%2Fcomments&post=14440"}],"version-history":[{"count":1,"href":"https:\/\/www.visionweb.com.ar\/index.php?rest_route=\/wp\/v2\/posts\/14440\/revisions"}],"predecessor-version":[{"id":14441,"href":"https:\/\/www.visionweb.com.ar\/index.php?rest_route=\/wp\/v2\/posts\/14440\/revisions\/14441"}],"wp:featuredmedia":[{"embeddable":true,"href":"https:\/\/www.visionweb.com.ar\/index.php?rest_route=\/wp\/v2\/media\/1690"}],"wp:attachment":[{"href":"https:\/\/www.visionweb.com.ar\/index.php?rest_route=%2Fwp%2Fv2%2Fmedia&parent=14440"}],"wp:term":[{"taxonomy":"category","embeddable":true,"href":"https:\/\/www.visionweb.com.ar\/index.php?rest_route=%2Fwp%2Fv2%2Fcategories&post=14440"},{"taxonomy":"post_tag","embeddable":true,"href":"https:\/\/www.visionweb.com.ar\/index.php?rest_route=%2Fwp%2Fv2%2Ftags&post=14440"}],"curies":[{"name":"wp","href":"https:\/\/api.w.org\/{rel}","templated":true}]}}