{"id":14430,"date":"2024-05-03T12:22:29","date_gmt":"2024-05-03T15:22:29","guid":{"rendered":"https:\/\/www.visionweb.com.ar\/?p=14430"},"modified":"2024-05-03T12:25:37","modified_gmt":"2024-05-03T15:25:37","slug":"promo-la-racionalidad-el-lunes-no-habra-paro-de-transportes","status":"publish","type":"post","link":"https:\/\/www.visionweb.com.ar\/?p=14430","title":{"rendered":"Prim\u00f3 la racionalidad, el lunes no habr\u00e1 paro de transportes"},"content":{"rendered":"<p style=\"text-align: left;\"><em><strong>La c\u00fapula dirigente del CATT dio marcha atr\u00e1s con la protesta pero se realizaran asambleas en todas las empresas vinculadas al transporte p\u00fablico, incluso el a\u00e9reo y el mar\u00edtimo.<\/strong><\/em><!--more--><\/p>\n<p><img loading=\"lazy\" decoding=\"async\" class=\"size-medium wp-image-6520 alignright\" src=\"https:\/\/www.visionweb.com.ar\/wp-content\/uploads\/2022\/07\/trenes-estacion-277x300.jpg\" alt=\"\" width=\"277\" height=\"300\" srcset=\"https:\/\/www.visionweb.com.ar\/wp-content\/uploads\/2022\/07\/trenes-estacion-277x300.jpg 277w, https:\/\/www.visionweb.com.ar\/wp-content\/uploads\/2022\/07\/trenes-estacion.jpg 500w\" sizes=\"auto, (max-width: 277px) 100vw, 277px\" \/>La Confederaci\u00f3n Argentina de Trabajadores de Transporte (CATT) aclar\u00f3 que el pr\u00f3ximo lunes los sindicatos del sector realizar\u00e1n asambleas pero no habr\u00e1 paro.<\/p>\n<p>La entidad sindical aclar\u00f3 el alcance de las protestas que fue anunciada d\u00edas atr\u00e1s las en redes sociales por Juan Carlos Schmid, secretario general adjunto de la CATT.<\/p>\n<p>El dirigente hab\u00eda asegurado que se interrumpir\u00eda el transporte a\u00e9reo, terrestre, portuario y mar\u00edtimo en rechazo al paquete fiscal votado el martes en la C\u00e1mara de Diputados.<\/p>\n<p>\u201cEl d\u00eda lunes 6 de mayo, entre las 9 y las 11, se realizar\u00e1n Asambleas en sectores de trabajo de todos los modos de transporte\u201d, informaron en el comunicado.<\/p>\n<p>Aunque aclararon que las asambleas \u201cde ning\u00fan modo representan medidas de acci\u00f3n directa o un paro de actividades\u201d, consignaron a trav\u00e9s de diferentes canales de informaci\u00f3n <strong>(VW).<\/strong><\/p>\n<p>&nbsp;<\/p>\n<p>&nbsp;<\/p>\n","protected":false},"excerpt":{"rendered":"<p>La c\u00fapula dirigente del CATT dio marcha atr\u00e1s con la protesta pero se realizaran asambleas en todas las empresas vinculadas al transporte p\u00fablico, incluso el a\u00e9reo y el mar\u00edtimo.<\/p>\n","protected":false},"author":3,"featured_media":6520,"comment_status":"closed","ping_status":"closed","sticky":false,"template":"","format":"standard","meta":{"_monsterinsights_skip_tracking":false,"_monsterinsights_sitenote_active":false,"_monsterinsights_sitenote_note":"","_monsterinsights_sitenote_category":0,"footnotes":""},"categories":[8],"tags":[1122,5908,6023,705,252,6024,90],"class_list":["post-14430","post","type-post","status-publish","format-standard","has-post-thumbnail","hentry","category-interes-general","tag-asambleas","tag-aviones","tag-barcos","tag-colectivos","tag-paro","tag-puertos","tag-trenes"],"_links":{"self":[{"href":"https:\/\/www.visionweb.com.ar\/index.php?rest_route=\/wp\/v2\/posts\/14430","targetHints":{"allow":["GET"]}}],"collection":[{"href":"https:\/\/www.visionweb.com.ar\/index.php?rest_route=\/wp\/v2\/posts"}],"about":[{"href":"https:\/\/www.visionweb.com.ar\/index.php?rest_route=\/wp\/v2\/types\/post"}],"author":[{"embeddable":true,"href":"https:\/\/www.visionweb.com.ar\/index.php?rest_route=\/wp\/v2\/users\/3"}],"replies":[{"embeddable":true,"href":"https:\/\/www.visionweb.com.ar\/index.php?rest_route=%2Fwp%2Fv2%2Fcomments&post=14430"}],"version-history":[{"count":3,"href":"https:\/\/www.visionweb.com.ar\/index.php?rest_route=\/wp\/v2\/posts\/14430\/revisions"}],"predecessor-version":[{"id":14433,"href":"https:\/\/www.visionweb.com.ar\/index.php?rest_route=\/wp\/v2\/posts\/14430\/revisions\/14433"}],"wp:featuredmedia":[{"embeddable":true,"href":"https:\/\/www.visionweb.com.ar\/index.php?rest_route=\/wp\/v2\/media\/6520"}],"wp:attachment":[{"href":"https:\/\/www.visionweb.com.ar\/index.php?rest_route=%2Fwp%2Fv2%2Fmedia&parent=14430"}],"wp:term":[{"taxonomy":"category","embeddable":true,"href":"https:\/\/www.visionweb.com.ar\/index.php?rest_route=%2Fwp%2Fv2%2Fcategories&post=14430"},{"taxonomy":"post_tag","embeddable":true,"href":"https:\/\/www.visionweb.com.ar\/index.php?rest_route=%2Fwp%2Fv2%2Ftags&post=14430"}],"curies":[{"name":"wp","href":"https:\/\/api.w.org\/{rel}","templated":true}]}}