{"id":14428,"date":"2024-05-03T12:11:56","date_gmt":"2024-05-03T15:11:56","guid":{"rendered":"https:\/\/www.visionweb.com.ar\/?p=14428"},"modified":"2024-05-03T12:11:56","modified_gmt":"2024-05-03T15:11:56","slug":"el-gobierno-nacional-quiere-neutralizar-la-tasa-municipal-a-los-combustibles-liquidos","status":"publish","type":"post","link":"https:\/\/www.visionweb.com.ar\/?p=14428","title":{"rendered":"El gobierno nacional quiere neutralizar la tasa municipal a los combustibles l\u00edquidos"},"content":{"rendered":"<p><em><strong>Varios municipios ya implementaron esa tasa vial, en particular en el sur del gran Buenos Aires. En cambio otros, como el caso de Tres de Febrero, no lo hizo.<\/strong><\/em><!--more--><\/p>\n<p><img loading=\"lazy\" decoding=\"async\" class=\"size-medium wp-image-10309 alignleft\" src=\"https:\/\/www.visionweb.com.ar\/wp-content\/uploads\/2023\/04\/COMBUSTIBLES-300x197.png\" alt=\"\" width=\"300\" height=\"197\" srcset=\"https:\/\/www.visionweb.com.ar\/wp-content\/uploads\/2023\/04\/COMBUSTIBLES-300x197.png 300w, https:\/\/www.visionweb.com.ar\/wp-content\/uploads\/2023\/04\/COMBUSTIBLES.png 640w\" sizes=\"auto, (max-width: 300px) 100vw, 300px\" \/>Tras la decisi\u00f3n de varios municipios del conurbano bonaerense y, algunos del interior, de implementar una tasa vial a los combustibles que se expenden en las diferentes estaciones de servicios locales, el gobierno nacional anticip\u00f3 que busca mecanismos para neutralizar es carga tributaria.<\/p>\n<p>Si bien la carga tributaria ya reg\u00eda en algunos distritos del sur del Conurbano, otoros muncipios la incorporaron recientemente, como el caso de Lan\u00fas.\u00a0 Frente a esta situaci\u00f3n, el Gobierno de Javier Milei trabaja para impedir el cobro de este impuesto.<\/p>\n<p>El Gobierno confirm\u00f3 que se trabaja para impedir el cobro de este gravamen. \u201cEstamos terminando de evaluar todas las alternativas que tenemos disposici\u00f3n para que deje de ocurrir, que no pase\u201d, sostuvo Manuel Adorni en la conferencia de prensa del jueves.<\/p>\n<p>Frente al desfinanciamiento de la provincia de Buenos Aires, que repercute en los recursos de los municipios, algunos ya implementaron la Tasa Vial.<\/p>\n<p>El \u00faltimo en hacerlo fue Lan\u00fas el martes \u00faltimo, pero ya se implement\u00f3 en en San Vicente, Almirante Brown y Lomas de Zamora.<\/p>\n<p>El funcionario consign\u00f3 que los intendentes \u201ctienen cautiva a la gente para cobrarles o recaudar una tasa municipal que nada tiene que ver con la carga de combustibles\u201d. \u201cDejan atada a la gente a tener que abonar la tasa compulsivamente a trav\u00e9s del ticket\u201d, apunt\u00f3.<\/p>\n<p>La Tasa Vial es un gravamen de hasta 2,5% sobre el precio libre de impuestos por cada litro de nafta o metro c\u00fabico de GNC comercializado en cualquier estaci\u00f3n de servicio de cada distrito.<\/p>\n<p>El dinero recaudado se destina a la implementaci\u00f3n de programas y obras; por ejemplo, en Almirante Brown se utiliza para el Fondo de Mantenimiento de Infraestructura Vial<strong>(VW)<\/strong>.<\/p>\n<p>&nbsp;<\/p>\n","protected":false},"excerpt":{"rendered":"<p>Varios municipios ya implementaron esa tasa vial, en particular en el sur del gran Buenos Aires. En cambio otros, como el caso de Tres de Febrero, no lo hizo.<\/p>\n","protected":false},"author":3,"featured_media":10309,"comment_status":"closed","ping_status":"closed","sticky":false,"template":"","format":"standard","meta":{"_monsterinsights_skip_tracking":false,"_monsterinsights_sitenote_active":false,"_monsterinsights_sitenote_note":"","_monsterinsights_sitenote_category":0,"footnotes":""},"categories":[8],"tags":[140,148,6021,6022],"class_list":["post-14428","post","type-post","status-publish","format-standard","has-post-thumbnail","hentry","category-interes-general","tag-combustibles","tag-municipios","tag-tasa","tag-vial"],"_links":{"self":[{"href":"https:\/\/www.visionweb.com.ar\/index.php?rest_route=\/wp\/v2\/posts\/14428","targetHints":{"allow":["GET"]}}],"collection":[{"href":"https:\/\/www.visionweb.com.ar\/index.php?rest_route=\/wp\/v2\/posts"}],"about":[{"href":"https:\/\/www.visionweb.com.ar\/index.php?rest_route=\/wp\/v2\/types\/post"}],"author":[{"embeddable":true,"href":"https:\/\/www.visionweb.com.ar\/index.php?rest_route=\/wp\/v2\/users\/3"}],"replies":[{"embeddable":true,"href":"https:\/\/www.visionweb.com.ar\/index.php?rest_route=%2Fwp%2Fv2%2Fcomments&post=14428"}],"version-history":[{"count":1,"href":"https:\/\/www.visionweb.com.ar\/index.php?rest_route=\/wp\/v2\/posts\/14428\/revisions"}],"predecessor-version":[{"id":14429,"href":"https:\/\/www.visionweb.com.ar\/index.php?rest_route=\/wp\/v2\/posts\/14428\/revisions\/14429"}],"wp:featuredmedia":[{"embeddable":true,"href":"https:\/\/www.visionweb.com.ar\/index.php?rest_route=\/wp\/v2\/media\/10309"}],"wp:attachment":[{"href":"https:\/\/www.visionweb.com.ar\/index.php?rest_route=%2Fwp%2Fv2%2Fmedia&parent=14428"}],"wp:term":[{"taxonomy":"category","embeddable":true,"href":"https:\/\/www.visionweb.com.ar\/index.php?rest_route=%2Fwp%2Fv2%2Fcategories&post=14428"},{"taxonomy":"post_tag","embeddable":true,"href":"https:\/\/www.visionweb.com.ar\/index.php?rest_route=%2Fwp%2Fv2%2Ftags&post=14428"}],"curies":[{"name":"wp","href":"https:\/\/api.w.org\/{rel}","templated":true}]}}