{"id":14401,"date":"2024-05-02T09:03:10","date_gmt":"2024-05-02T12:03:10","guid":{"rendered":"https:\/\/www.visionweb.com.ar\/?p=14401"},"modified":"2024-05-02T09:05:54","modified_gmt":"2024-05-02T12:05:54","slug":"el-hospital-santa-marina-debera-pagar-una-factura-de-luz-por-10-m-de-pesos","status":"publish","type":"post","link":"https:\/\/www.visionweb.com.ar\/?p=14401","title":{"rendered":"El hospital Santa Marina deber\u00e1 pagar una factura  de luz por 10 M de pesos"},"content":{"rendered":"<p><em><strong>Es el hospital municipal de Monte Grande, por el consumo de energ\u00eda el\u00e9ctrica, producto de los ajustes en las tarifas. Menos mal que por ahora se suspendieron los nuevos aumentos.<\/strong><\/em>\u00a0 \u00a0 <!--more--><\/p>\n<p><img loading=\"lazy\" decoding=\"async\" class=\"size-medium wp-image-14402 alignright\" src=\"https:\/\/www.visionweb.com.ar\/wp-content\/uploads\/2024\/05\/HOSPITAL-SANTA-MARINA-300x176.png\" alt=\"\" width=\"300\" height=\"176\" srcset=\"https:\/\/www.visionweb.com.ar\/wp-content\/uploads\/2024\/05\/HOSPITAL-SANTA-MARINA-300x176.png 300w, https:\/\/www.visionweb.com.ar\/wp-content\/uploads\/2024\/05\/HOSPITAL-SANTA-MARINA.png 640w\" sizes=\"auto, (max-width: 300px) 100vw, 300px\" \/>La suba de tarifas sigue golpeando con fuerza, adem\u00e1s de los usuarios particulares, a los hospitales que no est\u00e1n exentos de esta situaci\u00f3n.\u00a0El hospital Sof\u00eda T. de Santamarina de Monte Grande recibi\u00f3 una factura de luz de 10.000.000 de pesos.<\/p>\n<p>Fue el propio intendente de Esteban Echeverr\u00eda, Fernando Gray, quien confirm\u00f3 la millonaria suma que debe pagar el hospital municipal, ubicado en General Alvear 350 de esa ciudad.<\/p>\n<p>En di\u00e1logo con C5N, Gray precis\u00f3 que le lleg\u00f3 una factura de luz por 10.000.000 al Hospital Municipal ubicado en Monte Grande.<\/p>\n<p>En ese sentido, advirti\u00f3 que \u201chay que estar donde corresponde, que es la calle\u201d. \u201cEstoy con la gente y espero que haya una oposici\u00f3n m\u00e1s potente\u201d, dijo desde la movilizaci\u00f3n convocada por la CGT en rechazo a la Ley Bases.<\/p>\n<p>Dijo, adem\u00e1s, que espera que \u201cen el Congreso, la oposici\u00f3n se plante (por el Senado)\u201d, tras la media sanci\u00f3n a la Ley Bases y el paquete fiscal.<\/p>\n<p>En <strong>el D\u00eda del Trabajador<\/strong>, el intendente de Esteban Echeverr\u00eda sostuvo que \u201ccuando el Estado se retira, el que gana es el m\u00e1s poderoso\u201d.<\/p>\n<p>En ese sentido tomo dos casos bien claros: \u201cLe sacan el impuesto a la riqueza, que es para los mas poderosos y, Ganancias va en contra de la gente, del laburante\u201d.<\/p>\n<p>\u201cAspiro a que haya una oposici\u00f3n m\u00e1s firme, m\u00e1s decidida, que est\u00e9 en la calle\u201d, expres\u00f3 Gray, de cara al debate en el Senado de las iniciativas impulsadas por el gobierno de Javier Milei <strong>(VW)<\/strong>.<\/p>\n","protected":false},"excerpt":{"rendered":"<p>Es el hospital municipal de Monte Grande, por el consumo de energ\u00eda el\u00e9ctrica, producto de los ajustes en las tarifas. Menos mal que por ahora se suspendieron los nuevos aumentos.\u00a0 \u00a0<\/p>\n","protected":false},"author":3,"featured_media":14402,"comment_status":"closed","ping_status":"closed","sticky":false,"template":"","format":"standard","meta":{"_monsterinsights_skip_tracking":false,"_monsterinsights_sitenote_active":false,"_monsterinsights_sitenote_note":"","_monsterinsights_sitenote_category":0,"footnotes":""},"categories":[3],"tags":[6013,5279,2376,6012],"class_list":["post-14401","post","type-post","status-publish","format-standard","has-post-thumbnail","hentry","category-actualidad","tag-facturas","tag-gray","tag-luz","tag-santa-marina"],"_links":{"self":[{"href":"https:\/\/www.visionweb.com.ar\/index.php?rest_route=\/wp\/v2\/posts\/14401","targetHints":{"allow":["GET"]}}],"collection":[{"href":"https:\/\/www.visionweb.com.ar\/index.php?rest_route=\/wp\/v2\/posts"}],"about":[{"href":"https:\/\/www.visionweb.com.ar\/index.php?rest_route=\/wp\/v2\/types\/post"}],"author":[{"embeddable":true,"href":"https:\/\/www.visionweb.com.ar\/index.php?rest_route=\/wp\/v2\/users\/3"}],"replies":[{"embeddable":true,"href":"https:\/\/www.visionweb.com.ar\/index.php?rest_route=%2Fwp%2Fv2%2Fcomments&post=14401"}],"version-history":[{"count":3,"href":"https:\/\/www.visionweb.com.ar\/index.php?rest_route=\/wp\/v2\/posts\/14401\/revisions"}],"predecessor-version":[{"id":14405,"href":"https:\/\/www.visionweb.com.ar\/index.php?rest_route=\/wp\/v2\/posts\/14401\/revisions\/14405"}],"wp:featuredmedia":[{"embeddable":true,"href":"https:\/\/www.visionweb.com.ar\/index.php?rest_route=\/wp\/v2\/media\/14402"}],"wp:attachment":[{"href":"https:\/\/www.visionweb.com.ar\/index.php?rest_route=%2Fwp%2Fv2%2Fmedia&parent=14401"}],"wp:term":[{"taxonomy":"category","embeddable":true,"href":"https:\/\/www.visionweb.com.ar\/index.php?rest_route=%2Fwp%2Fv2%2Fcategories&post=14401"},{"taxonomy":"post_tag","embeddable":true,"href":"https:\/\/www.visionweb.com.ar\/index.php?rest_route=%2Fwp%2Fv2%2Ftags&post=14401"}],"curies":[{"name":"wp","href":"https:\/\/api.w.org\/{rel}","templated":true}]}}