{"id":14393,"date":"2024-05-01T12:34:13","date_gmt":"2024-05-01T15:34:13","guid":{"rendered":"https:\/\/www.visionweb.com.ar\/?p=14393"},"modified":"2024-05-01T12:34:13","modified_gmt":"2024-05-01T15:34:13","slug":"sin-resultados-finalizo-el-encuentro-entre-el-gobierno-y-el-cin","status":"publish","type":"post","link":"https:\/\/www.visionweb.com.ar\/?p=14393","title":{"rendered":"Sin resultados finalizo el encuentro entre el Gobierno y el CIN"},"content":{"rendered":"<p><em><strong>Participaron del encuentro, por el Ejecutivo, la ministra de Capital Humano, Sandra Pettovello, y el secretario de Educaci\u00f3n, Carlos Torrendell.<\/strong><\/em><!--more--><\/p>\n<p><img loading=\"lazy\" decoding=\"async\" class=\"size-medium wp-image-14394 alignright\" src=\"https:\/\/www.visionweb.com.ar\/wp-content\/uploads\/2024\/05\/CIN-300x135.png\" alt=\"\" width=\"300\" height=\"135\" srcset=\"https:\/\/www.visionweb.com.ar\/wp-content\/uploads\/2024\/05\/CIN-300x135.png 300w, https:\/\/www.visionweb.com.ar\/wp-content\/uploads\/2024\/05\/CIN.png 640w\" sizes=\"auto, (max-width: 300px) 100vw, 300px\" \/>El Consejo Interunivesitario Nacional (CIN) reiter\u00f3 sus reclamos al Gobierno nacional durante el \u00faltimo encuentro que se concret\u00f3 horas atr\u00e1s, luego de la hist\u00f3rica marcha que se realiz\u00f3 la semana pasada.<\/p>\n<p>\u00abEl encuentro finaliz\u00f3 sin resultados inmediatos, pero a<strong>vanzamos en el di\u00e1logo, pero sin resultados concretos inmediatos, y seguimos bregando por soluciones en el corto plazo\u00bb, dijeron desde el CIN.<\/strong><\/p>\n<p>Asimismo, advierte que \u201cel incremento de gastos de funcionamiento del 70 por ciento para la cuota de gastos de funcionamiento de marzo y un potencial nuevo aumento de 70 por ciento para mayo, que se cobrar\u00e1 en junio, significan un incremento del 105 por ciento\u201d. \u201cEsto es un aliciente, pero insuficiente para resolver los problemas actuales\u201d, agrega.<\/p>\n<p>\u201cLas autoridades del CIN expusimos cada punto de los reclamos fundantes de la hist\u00f3rica marcha en apoyo a la universidad p\u00fablica\u201d, se\u00f1alaron.<\/p>\n<p>Para el Consejo el avance\u00a0 significa \u201c<strong>recuperar las becas estudiantiles, los salarios docentes y nodocentes y abordar el tema presupuestario\u00a0<\/strong>(funcionamiento, hospitales, resoluciones no abonadas, obras, crisis del sistema de ciencia y t\u00e9cnica y otros puntos de inter\u00e9s)\u201d, manifestaron.<\/p>\n<p>A su vez, se\u00f1alaron que todo lo informado por el Gobierno en el encuentro \u201cser\u00e1 trasladado r\u00e1pidamente al Comit\u00e9 Ejecutivo del CIN para su an\u00e1lisis\u201d.<\/p>\n<p>\u201cAspiramos a que el camino del di\u00e1logo, el trabajo colaborativo y el respeto, lejos de la descalificaci\u00f3n y la difamaci\u00f3n, permitan resolver los problemas presentes para garantizar las condiciones indispensables para el funcionamiento de las universidades y el buen cumplimiento de sus tareas\u201d, destacaron.<\/p>\n<p>Participaron del encuentro, por el Ejecutivo, la ministra de Capital Humano, Sandra Pettovello, y el secretario de Educaci\u00f3n, Carlos Torrendell.<\/p>\n<p>Por el CIN fueron de la partida V\u00edctor Mori\u00f1igo (rector de la Universidad Nacional de San Luis y presidente del CIN) y Oscar Alpa (Universidad Nacional de La Pampa y vice del CIN). Adem\u00e1s, tomaron parte den la reuni\u00f3n Alfredo Lazzeretti (UN de Mar del Plata), Carlos Grecco (UNSAM), Omar Larroza (UN del Nordeste), Rub\u00e9n Soro (Universidad Tecnol\u00f3gica Nacional) y Oscar Gelpi (UBA)<strong>(VW)<\/strong>.<\/p>\n<p>&nbsp;<\/p>\n","protected":false},"excerpt":{"rendered":"<p>Participaron del encuentro, por el Ejecutivo, la ministra de Capital Humano, Sandra Pettovello, y el secretario de Educaci\u00f3n, Carlos Torrendell.<\/p>\n","protected":false},"author":3,"featured_media":14394,"comment_status":"closed","ping_status":"closed","sticky":false,"template":"","format":"standard","meta":{"_monsterinsights_skip_tracking":false,"_monsterinsights_sitenote_active":false,"_monsterinsights_sitenote_note":"","_monsterinsights_sitenote_category":0,"footnotes":""},"categories":[7],"tags":[],"class_list":["post-14393","post","type-post","status-publish","format-standard","has-post-thumbnail","hentry","category-educacion-y-cultura"],"_links":{"self":[{"href":"https:\/\/www.visionweb.com.ar\/index.php?rest_route=\/wp\/v2\/posts\/14393","targetHints":{"allow":["GET"]}}],"collection":[{"href":"https:\/\/www.visionweb.com.ar\/index.php?rest_route=\/wp\/v2\/posts"}],"about":[{"href":"https:\/\/www.visionweb.com.ar\/index.php?rest_route=\/wp\/v2\/types\/post"}],"author":[{"embeddable":true,"href":"https:\/\/www.visionweb.com.ar\/index.php?rest_route=\/wp\/v2\/users\/3"}],"replies":[{"embeddable":true,"href":"https:\/\/www.visionweb.com.ar\/index.php?rest_route=%2Fwp%2Fv2%2Fcomments&post=14393"}],"version-history":[{"count":1,"href":"https:\/\/www.visionweb.com.ar\/index.php?rest_route=\/wp\/v2\/posts\/14393\/revisions"}],"predecessor-version":[{"id":14395,"href":"https:\/\/www.visionweb.com.ar\/index.php?rest_route=\/wp\/v2\/posts\/14393\/revisions\/14395"}],"wp:featuredmedia":[{"embeddable":true,"href":"https:\/\/www.visionweb.com.ar\/index.php?rest_route=\/wp\/v2\/media\/14394"}],"wp:attachment":[{"href":"https:\/\/www.visionweb.com.ar\/index.php?rest_route=%2Fwp%2Fv2%2Fmedia&parent=14393"}],"wp:term":[{"taxonomy":"category","embeddable":true,"href":"https:\/\/www.visionweb.com.ar\/index.php?rest_route=%2Fwp%2Fv2%2Fcategories&post=14393"},{"taxonomy":"post_tag","embeddable":true,"href":"https:\/\/www.visionweb.com.ar\/index.php?rest_route=%2Fwp%2Fv2%2Ftags&post=14393"}],"curies":[{"name":"wp","href":"https:\/\/api.w.org\/{rel}","templated":true}]}}