{"id":14383,"date":"2024-05-01T09:56:05","date_gmt":"2024-05-01T12:56:05","guid":{"rendered":"https:\/\/www.visionweb.com.ar\/?p=14383"},"modified":"2024-05-01T09:56:05","modified_gmt":"2024-05-01T12:56:05","slug":"el-ajuste-del-salario-minimo-sera-otra-vez-definido-por-el-gobierno","status":"publish","type":"post","link":"https:\/\/www.visionweb.com.ar\/?p=14383","title":{"rendered":"El ajuste del salario m\u00ednimo ser\u00e1 otra vez definido por el Gobierno"},"content":{"rendered":"<p><em><strong>Las centrales obreras pretend\u00edan un ajuste del 80%, mientras los empresarios propusieron 8% para mayo y 5% para junio. En los pr\u00f3ximos d\u00edas se conocer\u00e1 el nuevo SMVM.<\/strong><\/em><!--more--><\/p>\n<p><strong>\u00a0 <img loading=\"lazy\" decoding=\"async\" class=\"size-medium wp-image-13613 alignright\" src=\"https:\/\/www.visionweb.com.ar\/wp-content\/uploads\/2024\/02\/billetera-pesos-300x163.png\" alt=\"\" width=\"300\" height=\"163\" srcset=\"https:\/\/www.visionweb.com.ar\/wp-content\/uploads\/2024\/02\/billetera-pesos-300x163.png 300w, https:\/\/www.visionweb.com.ar\/wp-content\/uploads\/2024\/02\/billetera-pesos.png 515w\" sizes=\"auto, (max-width: 300px) 100vw, 300px\" \/>\u00a0 T<\/strong>ras la reuni\u00f3n del<strong>\u00a0Consejo del Salario M\u00ednimo, Vital y M\u00f3vil\u00a0<\/strong>(SMVM)\u00a0para ajustar el ingreso m\u00ednimo en la que <strong>no hubo acuerdo,<\/strong> la definici\u00f3n del aumento qued\u00f3 otra vez en manos del Gobierno.<\/p>\n<p>Los actuales $202.800 con base de marzo son producto de la decisi\u00f3n unilateral del gobierno de\u00a0Javier Milei, y volver\u00e1 a ocurrir lo mismo para los pr\u00f3ximos tres meses.<\/p>\n<p>Seg\u00fan fuentes de la secretar\u00eda de Trabajo,\u00a0<strong>en los pr\u00f3ximos tres d\u00edas h\u00e1biles, deber\u00edan publicarse los nuevos valores.<\/strong><\/p>\n<p><strong>La\u00a0CGT\u00a0y las dos\u00a0CTA\u00a0pugnaban por\u00a0un ajuste de hasta 80% del SMVM, contra un 8% de mayo y 5% en junio que propusieron empresarios<\/strong>. Como\u00a0no hubo acercamiento posible, deber\u00e1 decidir el Gobierno.<\/p>\n<p>La CGT propuso $377.000 para el mes de abril y $411.000 para mayo. La CTA Aut\u00f3noma acompa\u00f1\u00f3 la propuesta de la CGT ya que con ese monto se est\u00e1 por encima de la canasta de indigencia y agreg\u00f3 que para mayo se ajuste al monto de la inflaci\u00f3n que seguir\u00e1 siendo de dos d\u00edgitos. Finalmente, la CTA de los Trabajadores plante\u00f3 $440.000 para el mes de mayo.<\/p>\n<p>\u201cLas tres centrales sindicales unificamos las propuestas en\u00a0$377.000 para el mes de abril\u00a0que equivale un 80% de aumento y para estar por encima de la canasta de la indigencia\u201d, explic\u00f3\u00a0<strong><a href=\"https:\/\/twitter.com\/CachorroGodoy\">Hugo \u201cCachorro\u201d Godoy<\/a><\/strong>.<\/p>\n<p>Desde su cuenta de X, el sindicalista aclar\u00f3 que \u201clos empresarios propusieron ins\u00f3litamente un aumento del 8% para el mes de mayo y un 5% para junio\u201d.<\/p>\n<p><strong>\u201cComo no hubo acuerdo, el gobierno y los empresarios de la UIA, la CAME y la Sociedad Rural impidieron el pleno funcionamiento del Consejo y obligaron a un final bochornoso\u201d<\/strong>, denunci\u00f3 el dirigente gremial.<\/p>\n<p>Y vaticin\u00f3 que \u201cel gobierno decidir\u00e1, una vez m\u00e1s por decreto, y seguramente en contra de los intereses de los trabajadores\u201d. <strong>(VW)<\/strong><\/p>\n<p>&nbsp;<\/p>\n","protected":false},"excerpt":{"rendered":"<p>Las centrales obreras pretend\u00edan un ajuste del 80%, mientras los empresarios propusieron 8% para mayo y 5% para junio. En los pr\u00f3ximos d\u00edas se conocer\u00e1 el nuevo SMVM.<\/p>\n","protected":false},"author":4,"featured_media":13613,"comment_status":"closed","ping_status":"closed","sticky":false,"template":"","format":"standard","meta":{"_monsterinsights_skip_tracking":false,"_monsterinsights_sitenote_active":false,"_monsterinsights_sitenote_note":"","_monsterinsights_sitenote_category":0,"footnotes":""},"categories":[4,5],"tags":[6004,1926,6005],"class_list":["post-14383","post","type-post","status-publish","format-standard","has-post-thumbnail","hentry","category-politica","category-sociedad","tag-definira-el-gobierno","tag-salario-minimo","tag-sin-acuerdo-en-reunion-del-salario"],"_links":{"self":[{"href":"https:\/\/www.visionweb.com.ar\/index.php?rest_route=\/wp\/v2\/posts\/14383","targetHints":{"allow":["GET"]}}],"collection":[{"href":"https:\/\/www.visionweb.com.ar\/index.php?rest_route=\/wp\/v2\/posts"}],"about":[{"href":"https:\/\/www.visionweb.com.ar\/index.php?rest_route=\/wp\/v2\/types\/post"}],"author":[{"embeddable":true,"href":"https:\/\/www.visionweb.com.ar\/index.php?rest_route=\/wp\/v2\/users\/4"}],"replies":[{"embeddable":true,"href":"https:\/\/www.visionweb.com.ar\/index.php?rest_route=%2Fwp%2Fv2%2Fcomments&post=14383"}],"version-history":[{"count":1,"href":"https:\/\/www.visionweb.com.ar\/index.php?rest_route=\/wp\/v2\/posts\/14383\/revisions"}],"predecessor-version":[{"id":14384,"href":"https:\/\/www.visionweb.com.ar\/index.php?rest_route=\/wp\/v2\/posts\/14383\/revisions\/14384"}],"wp:featuredmedia":[{"embeddable":true,"href":"https:\/\/www.visionweb.com.ar\/index.php?rest_route=\/wp\/v2\/media\/13613"}],"wp:attachment":[{"href":"https:\/\/www.visionweb.com.ar\/index.php?rest_route=%2Fwp%2Fv2%2Fmedia&parent=14383"}],"wp:term":[{"taxonomy":"category","embeddable":true,"href":"https:\/\/www.visionweb.com.ar\/index.php?rest_route=%2Fwp%2Fv2%2Fcategories&post=14383"},{"taxonomy":"post_tag","embeddable":true,"href":"https:\/\/www.visionweb.com.ar\/index.php?rest_route=%2Fwp%2Fv2%2Ftags&post=14383"}],"curies":[{"name":"wp","href":"https:\/\/api.w.org\/{rel}","templated":true}]}}