{"id":14375,"date":"2024-04-30T09:18:20","date_gmt":"2024-04-30T12:18:20","guid":{"rendered":"https:\/\/www.visionweb.com.ar\/?p=14375"},"modified":"2024-04-30T09:18:20","modified_gmt":"2024-04-30T12:18:20","slug":"anuncian-un-paro-de-transporte-aereo-terrestre-y-maritimo","status":"publish","type":"post","link":"https:\/\/www.visionweb.com.ar\/?p=14375","title":{"rendered":"Anuncian un paro de transporte a\u00e9reo, terrestre y mar\u00edtimo"},"content":{"rendered":"<p><em><strong>Organizado por\u00a0 a Confederaci\u00f3n Argentina de Trabajadores del Transporte (CATT), es contra la vuelta de Ganancias.<\/strong><\/em><!--more--><\/p>\n<p><img loading=\"lazy\" decoding=\"async\" class=\"size-full wp-image-1480 alignright\" src=\"https:\/\/www.visionweb.com.ar\/wp-content\/uploads\/2021\/04\/paro-uta-transportes.bmp\" alt=\"\" width=\"380\" height=\"276\" \/>La Confederaci\u00f3n Argentina de Trabajadores del Transporte (CATT) anunci\u00f3 para el lunes 6 de mayo un mega paro en el transporte a\u00e9reo, terrestre y mar\u00edtimo en rechazo al paquete fiscal que impulsa el Gobierno de Javier Milei.<\/p>\n<p>\u201cEl 6 de mayo en horas de ma\u00f1ana y cerca del mediod\u00eda se interrumpir\u00e1n las actividades en el #transporte a\u00e9reo, terrestre, portuario y mar\u00edtimo en rechazo al #acuerdofiscal que nuevamente sanciona el impuesto a las #ganancias\u201d, public\u00f3 Juan Carlos Schmid, secretario general adjunto de la Confederaci\u00f3n Argentina de Trabajadores del Transporte (CATT) en su cuenta de X (ex Twitter).<\/p>\n<p>Luego en declaraciones radiales, el dirigente aclar\u00f3 que se realizar\u00e1n \u201casambleas informativas\u201d que interrumpir\u00e1n el normal funcionamiento del transporte. \u201cSon asambleas informativas que vamos a realizar en todos los medios de transporte, en un rango horario que va de las primeras horas de la ma\u00f1ana hasta las 11, lo cual indudablemente va a afectar todos los servicios\u201d, ampli\u00f3.<\/p>\n<p>En ese sentido, Schmid advirti\u00f3: \u201cVa a haber situaciones de conflicto si el pacto fiscal vuelve a afectar el bolsillo de los trabajadores. Si hay protestas se paraliza el transporte\u201d.<\/p>\n<p>La medida de fuerza del 6 de mayo se realizar\u00e1 tres d\u00edas antes del segundo paro general convocado por la Confederaci\u00f3n General del Trabajo (CGT). Dentro de la CATT est\u00e1n sindicatos fuertes como Camioneros, ferroviarios de La Fraternidad y los colectiveros de la UTA, adem\u00e1s de pilotos de avi\u00f3n, entre otros.<\/p>\n<p>Qui\u00e9nes pagar\u00e1n el Impuesto a las Ganancias<br \/>\nEl Paquete Fiscal propuesto por la Libertad Avanza y que apoyan opositores \u201cdialoguistas\u201d modifica el piso a partir del que comienza a pagarse el Impuesto a las Ganancias, que desde septiembre del a\u00f1o pasado est\u00e1 fijado en 15 salarios m\u00ednimos vitales y m\u00f3viles (SMVM) tras la eliminaci\u00f3n de la cuarta categor\u00eda.<\/p>\n<p>En concreto, si la ley es sancionada por ambas c\u00e1maras del Congreso, el m\u00ednimo no imponible pasar\u00e1 a $1,8 millones para las y los trabajadores solteros y a unos $2,3 millones para los casados con dos hijos.<\/p>\n<p>El proyecto establece, adem\u00e1s, que la actualizaci\u00f3n de las deducciones personales y de las al\u00edcuotas ser\u00e1 semestral, a excepci\u00f3n de este a\u00f1o, que ser\u00e1 trimestral<strong>(VW)<\/strong>.<\/p>\n<p>Fuente: Agencia DIB<\/p>\n","protected":false},"excerpt":{"rendered":"<p>Organizado por\u00a0 a Confederaci\u00f3n Argentina de Trabajadores del Transporte (CATT), es contra la vuelta de Ganancias.<\/p>\n","protected":false},"author":3,"featured_media":1480,"comment_status":"closed","ping_status":"closed","sticky":false,"template":"","format":"standard","meta":{"_monsterinsights_skip_tracking":false,"_monsterinsights_sitenote_active":false,"_monsterinsights_sitenote_note":"","_monsterinsights_sitenote_category":0,"footnotes":""},"categories":[8],"tags":[6001,252],"class_list":["post-14375","post","type-post","status-publish","format-standard","has-post-thumbnail","hentry","category-interes-general","tag-nacional-transportes","tag-paro"],"_links":{"self":[{"href":"https:\/\/www.visionweb.com.ar\/index.php?rest_route=\/wp\/v2\/posts\/14375","targetHints":{"allow":["GET"]}}],"collection":[{"href":"https:\/\/www.visionweb.com.ar\/index.php?rest_route=\/wp\/v2\/posts"}],"about":[{"href":"https:\/\/www.visionweb.com.ar\/index.php?rest_route=\/wp\/v2\/types\/post"}],"author":[{"embeddable":true,"href":"https:\/\/www.visionweb.com.ar\/index.php?rest_route=\/wp\/v2\/users\/3"}],"replies":[{"embeddable":true,"href":"https:\/\/www.visionweb.com.ar\/index.php?rest_route=%2Fwp%2Fv2%2Fcomments&post=14375"}],"version-history":[{"count":1,"href":"https:\/\/www.visionweb.com.ar\/index.php?rest_route=\/wp\/v2\/posts\/14375\/revisions"}],"predecessor-version":[{"id":14376,"href":"https:\/\/www.visionweb.com.ar\/index.php?rest_route=\/wp\/v2\/posts\/14375\/revisions\/14376"}],"wp:featuredmedia":[{"embeddable":true,"href":"https:\/\/www.visionweb.com.ar\/index.php?rest_route=\/wp\/v2\/media\/1480"}],"wp:attachment":[{"href":"https:\/\/www.visionweb.com.ar\/index.php?rest_route=%2Fwp%2Fv2%2Fmedia&parent=14375"}],"wp:term":[{"taxonomy":"category","embeddable":true,"href":"https:\/\/www.visionweb.com.ar\/index.php?rest_route=%2Fwp%2Fv2%2Fcategories&post=14375"},{"taxonomy":"post_tag","embeddable":true,"href":"https:\/\/www.visionweb.com.ar\/index.php?rest_route=%2Fwp%2Fv2%2Ftags&post=14375"}],"curies":[{"name":"wp","href":"https:\/\/api.w.org\/{rel}","templated":true}]}}