{"id":14357,"date":"2024-04-28T07:50:37","date_gmt":"2024-04-28T10:50:37","guid":{"rendered":"https:\/\/www.visionweb.com.ar\/?p=14357"},"modified":"2024-04-28T12:53:59","modified_gmt":"2024-04-28T15:53:59","slug":"abad-hizo-una-demostracion-de-fuerza-en-la-ucr-y-hablo-de-espuma-de-mesianismo","status":"publish","type":"post","link":"https:\/\/www.visionweb.com.ar\/?p=14357","title":{"rendered":"Abad hizo una demostraci\u00f3n de fuerza en la UCR y habl\u00f3 de \u201cespuma de mesianismo\u201d"},"content":{"rendered":"<p><em><strong>El l\u00edder de la UCR bonaerense encabez\u00f3 un encuentro en Mar del Plata. Fueron legisladores nacionales y provinciales adem\u00e1s de ediles y representes de todo el territorio bonaerense. El Senador hizo reclamos a Milei y critic\u00f3 la gesti\u00f3n de Kicillof.<\/strong><\/em><!--more--><\/p>\n<p><img loading=\"lazy\" decoding=\"async\" class=\"size-medium wp-image-14358 alignleft\" src=\"https:\/\/www.visionweb.com.ar\/wp-content\/uploads\/2024\/04\/ABAD-EN-MDQ-300x200.png\" alt=\"\" width=\"300\" height=\"200\" srcset=\"https:\/\/www.visionweb.com.ar\/wp-content\/uploads\/2024\/04\/ABAD-EN-MDQ-300x200.png 300w, https:\/\/www.visionweb.com.ar\/wp-content\/uploads\/2024\/04\/ABAD-EN-MDQ.png 640w\" sizes=\"auto, (max-width: 300px) 100vw, 300px\" \/>El senador Maximiliano Abad, presidente del radicalismo bonaerense, hizo este s\u00e1bado, una demostraci\u00f3n de fuerza pol\u00edtica en Mar del Plata, donde reuni\u00f3 a diputados nacionales y provinciales alineados con su conducci\u00f3n y dispar\u00f3 un documento en el que se habla de lo que ocurrir\u00e1 \u201ccuando baje la espuma del mesianismo\u201d en la pol\u00edtica argentina.<\/p>\n<p>Abad apunt\u00f3 a un discurso <strong>con reproches tanto para el gobernador Axel Kicillof como al presidente Javier Milei<\/strong>: por un lado pidi\u00f3 la ampliaci\u00f3n de la agenda del Pacto de Mayo para sumar la educaci\u00f3n (en la semana del reclamo de las universidades p\u00fablicas) y la lucha anti narco, al tiempo que apunt\u00f3 al \u201cdesorden administrativo y la ausencia de cambios en la gesti\u00f3n gubernamental en la Provincia\u201d.<\/p>\n<p>La jornada del oficialismo partidario se desarroll\u00f3 en <strong>la Facultad de Derecho de la Universidad Nacional de Mar del Plata,<\/strong> con la presencia de los diputados provinciales Ariel Boradaisco, Bel\u00e9n Malaisi, Diego Garciarena, Anah\u00ed Bilbao, Eugenia Gil, Alejandro Celillo y Pablo Domenichini, los nacionales Karina Banfi y Fabio Quetglas, los dirigentes partidarios Erica Revilla y Carlos Fern\u00e1ndez y el defensor adjunto Marcelo Honores, adem\u00e1s de concejales, concejeros escolares y referentes de Franja Morada de toda la provincia.<\/p>\n<p>El c\u00f3nclave funcion\u00f3 durante todo el d\u00eda, cont\u00f3 con espacios de <strong>formaci\u00f3n sobre buenas pr\u00e1cticas legislativas, talleres de j\u00f3venes y de estudiantes universitarios y tuvo un acto de cierre en el que la UCR de la Provincia de Buenos Aires hizo un fuerte reclamo por \u201cla situaci\u00f3n terminal que presenta IOMA en el territorio bonaerense\u201d.<\/strong><\/p>\n<p><img loading=\"lazy\" decoding=\"async\" class=\"size-medium wp-image-14359 alignleft\" src=\"https:\/\/www.visionweb.com.ar\/wp-content\/uploads\/2024\/04\/ABAD-DERECHO-MDEQ-300x189.png\" alt=\"\" width=\"300\" height=\"189\" srcset=\"https:\/\/www.visionweb.com.ar\/wp-content\/uploads\/2024\/04\/ABAD-DERECHO-MDEQ-300x189.png 300w, https:\/\/www.visionweb.com.ar\/wp-content\/uploads\/2024\/04\/ABAD-DERECHO-MDEQ.png 640w\" sizes=\"auto, (max-width: 300px) 100vw, 300px\" \/>\u201cEl pa\u00eds pendular no nos puede confundir. Cuando baje la espuma y el mesianismo, la racionalidad y la sensibilidad social ser\u00e1n los verdaderos motores de la transformaci\u00f3n. En la competitividad del complejo agroindustrial, en la diversificaci\u00f3n de la industria y en la generaci\u00f3n de conocimiento est\u00e1 el diferencial que les dar\u00e1 a los bonaerenses y a los argentinos, la calidad de vida que merecen\u201d, defini\u00f3 Abad<\/p>\n<p>En su discurso, el senador reivindic\u00f3 el sentido del encuentro, pidi\u00f3 a todos los legisladores seguir trabajando en una agenda que brinde soluciones a las problem\u00e1ticas ciudadanas y a promover un accionar partidario que pueda trascender los enfrentamientos actuales y sea garant\u00eda de la democracia con desarrollo e igualdad de oportunidades<strong>(VW)<\/strong>.<\/p>\n<p><strong>Agencia DIB<\/strong><\/p>\n","protected":false},"excerpt":{"rendered":"<p>El l\u00edder de la UCR bonaerense encabez\u00f3 un encuentro en Mar del Plata. Fueron legisladores nacionales y provinciales adem\u00e1s de ediles y representes de todo el territorio bonaerense. El Senador hizo reclamos a Milei&#46;&#46;&#46;<\/p>\n","protected":false},"author":3,"featured_media":14358,"comment_status":"closed","ping_status":"closed","sticky":false,"template":"","format":"standard","meta":{"_monsterinsights_skip_tracking":false,"_monsterinsights_sitenote_active":false,"_monsterinsights_sitenote_note":"","_monsterinsights_sitenote_category":0,"footnotes":""},"categories":[4],"tags":[575,167,4530,440],"class_list":["post-14357","post","type-post","status-publish","format-standard","has-post-thumbnail","hentry","category-politica","tag-abad","tag-kicillof","tag-milei","tag-reclamos"],"_links":{"self":[{"href":"https:\/\/www.visionweb.com.ar\/index.php?rest_route=\/wp\/v2\/posts\/14357","targetHints":{"allow":["GET"]}}],"collection":[{"href":"https:\/\/www.visionweb.com.ar\/index.php?rest_route=\/wp\/v2\/posts"}],"about":[{"href":"https:\/\/www.visionweb.com.ar\/index.php?rest_route=\/wp\/v2\/types\/post"}],"author":[{"embeddable":true,"href":"https:\/\/www.visionweb.com.ar\/index.php?rest_route=\/wp\/v2\/users\/3"}],"replies":[{"embeddable":true,"href":"https:\/\/www.visionweb.com.ar\/index.php?rest_route=%2Fwp%2Fv2%2Fcomments&post=14357"}],"version-history":[{"count":1,"href":"https:\/\/www.visionweb.com.ar\/index.php?rest_route=\/wp\/v2\/posts\/14357\/revisions"}],"predecessor-version":[{"id":14360,"href":"https:\/\/www.visionweb.com.ar\/index.php?rest_route=\/wp\/v2\/posts\/14357\/revisions\/14360"}],"wp:featuredmedia":[{"embeddable":true,"href":"https:\/\/www.visionweb.com.ar\/index.php?rest_route=\/wp\/v2\/media\/14358"}],"wp:attachment":[{"href":"https:\/\/www.visionweb.com.ar\/index.php?rest_route=%2Fwp%2Fv2%2Fmedia&parent=14357"}],"wp:term":[{"taxonomy":"category","embeddable":true,"href":"https:\/\/www.visionweb.com.ar\/index.php?rest_route=%2Fwp%2Fv2%2Fcategories&post=14357"},{"taxonomy":"post_tag","embeddable":true,"href":"https:\/\/www.visionweb.com.ar\/index.php?rest_route=%2Fwp%2Fv2%2Ftags&post=14357"}],"curies":[{"name":"wp","href":"https:\/\/api.w.org\/{rel}","templated":true}]}}