{"id":14342,"date":"2024-04-25T15:11:55","date_gmt":"2024-04-25T18:11:55","guid":{"rendered":"https:\/\/www.visionweb.com.ar\/?p=14342"},"modified":"2024-04-25T15:11:55","modified_gmt":"2024-04-25T18:11:55","slug":"se-aprobo-la-emergencia-para-empresas-recuperadas","status":"publish","type":"post","link":"https:\/\/www.visionweb.com.ar\/?p=14342","title":{"rendered":"Se aprob\u00f3 la emergencia para empresas recuperadas"},"content":{"rendered":"<p><em><strong>La C\u00e1mara de Diputados, presidida por Alejandro Dichiara, sesion\u00f3 nuevamente este mi\u00e9rcoles. Emergencia para empresas recuperadas, pr\u00f3rroga de la Ley que declara Patagones como \u00ab\u00c1rea Patag\u00f3nica Bonaerense\u00bb, la cuesti\u00f3n Malvinas y la defensa de las universidades p\u00fablicas, lo m\u00e1s destacado.<\/strong><\/em><!--more--><\/p>\n<p><img loading=\"lazy\" decoding=\"async\" class=\"size-medium wp-image-14343 alignright\" src=\"https:\/\/www.visionweb.com.ar\/wp-content\/uploads\/2024\/04\/DIPUTADOS-BONAERENSES-300x200.png\" alt=\"\" width=\"300\" height=\"200\" srcset=\"https:\/\/www.visionweb.com.ar\/wp-content\/uploads\/2024\/04\/DIPUTADOS-BONAERENSES-300x200.png 300w, https:\/\/www.visionweb.com.ar\/wp-content\/uploads\/2024\/04\/DIPUTADOS-BONAERENSES.png 640w\" sizes=\"auto, (max-width: 300px) 100vw, 300px\" \/>Tras un breve debate, se declar\u00f3 por un a\u00f1o la emergencia econ\u00f3mica, financiera y tarifaria de las Empresas Recuperadas en todo el territorio de la provincia. La ley, que cont\u00f3 con el apoyo mayoritario del cuerpo y cuya autor\u00eda corresponde a las diputadas Patricia Cubr\u00eda y Luc\u00eda Klug, suspende durante su vigencia los desalojos como as\u00ed tambi\u00e9n los cortes de suministros de energ\u00eda el\u00e9ctrica, agua potable y cloacas a aquellas empresas recuperadas que se encuentren inscriptas en el Registro P\u00fablico Provincial de Cooperativas.<\/p>\n<p>En el marco de la actual crisis, la iniciativa tiene por objeto resguardar a estas empresas cooperativas por su rol productivo, social y econ\u00f3mico.<\/p>\n<p>Por otra parte, impulsado por el presidente del cuerpo, Alejadro Dichiara, junto a la totalidad de las y los legisladores de la sexta secci\u00f3n electoral, se prorrog\u00f3 la vigencia de la Ley 12.322 que declara al partido de Patagones \u00ab\u00c1rea Patag\u00f3nica Bonaerense\u00bb y de la 12.323 que crea la \u00abZona Austral de la provincia de Buenos Aires\u00bb<\/p>\n<p>La creaci\u00f3n de la nueva regi\u00f3n abarca distintos sectores de los partidos de Pu\u00e1n, Tornquist, Villarino y Saavedra. Estas leyes otorgan beneficios impositivos a sectores productivos de la regi\u00f3n en virtud de sus particulares y desfavorables condiciones clim\u00e1ticas.<\/p>\n<p>En otro orden, y a 42 a\u00f1os de las guerra de Malvinas, se aprobaron varios proyectos que valorizan aquella gesta y sus actividades conmemorativas, en un extenso y emotivo apartado que ocup\u00f3 buena parte del debate.<\/p>\n<p>En este marco, el libertario Alejandro Carrancio manifest\u00f3 que \u00abla recuperaci\u00f3n de las Islas Malvinas fue, es y siempre ser\u00e1 una causa nacional que el pueblo argentino nunca puede abandonar\u00bb mientras que la diputada Abigail G\u00f3mez del PRO puso el foco en las olvidadas enfermeras de Malvinas \u00abaquellas que curaban no s\u00f3lo dolores f\u00edsicos sino dolores del alma, y que tan s\u00f3lo ten\u00edan entre 18 y 25 a\u00f1os\u00bb.<\/p>\n<p>En tanto que el diputado del FIT Guillermo Kane denunci\u00f3 que \u00abel gobierno no s\u00f3lo no est\u00e1 llevando adelante ning\u00fan reclamo por Malvinas sino que ofreci\u00f3 una base en Ushuaia a Estados Unidos\u00bb(VW)<\/p>\n<p>&nbsp;<\/p>\n","protected":false},"excerpt":{"rendered":"<p>La C\u00e1mara de Diputados, presidida por Alejandro Dichiara, sesion\u00f3 nuevamente este mi\u00e9rcoles. Emergencia para empresas recuperadas, pr\u00f3rroga de la Ley que declara Patagones como \u00ab\u00c1rea Patag\u00f3nica Bonaerense\u00bb, la cuesti\u00f3n Malvinas y la defensa de&#46;&#46;&#46;<\/p>\n","protected":false},"author":3,"featured_media":14343,"comment_status":"closed","ping_status":"closed","sticky":false,"template":"","format":"standard","meta":{"_monsterinsights_skip_tracking":false,"_monsterinsights_sitenote_active":false,"_monsterinsights_sitenote_note":"","_monsterinsights_sitenote_category":0,"footnotes":""},"categories":[4],"tags":[851,663,5986,947],"class_list":["post-14342","post","type-post","status-publish","format-standard","has-post-thumbnail","hentry","category-politica","tag-cooperativas","tag-empresas","tag-recuperadas","tag-sur"],"_links":{"self":[{"href":"https:\/\/www.visionweb.com.ar\/index.php?rest_route=\/wp\/v2\/posts\/14342","targetHints":{"allow":["GET"]}}],"collection":[{"href":"https:\/\/www.visionweb.com.ar\/index.php?rest_route=\/wp\/v2\/posts"}],"about":[{"href":"https:\/\/www.visionweb.com.ar\/index.php?rest_route=\/wp\/v2\/types\/post"}],"author":[{"embeddable":true,"href":"https:\/\/www.visionweb.com.ar\/index.php?rest_route=\/wp\/v2\/users\/3"}],"replies":[{"embeddable":true,"href":"https:\/\/www.visionweb.com.ar\/index.php?rest_route=%2Fwp%2Fv2%2Fcomments&post=14342"}],"version-history":[{"count":1,"href":"https:\/\/www.visionweb.com.ar\/index.php?rest_route=\/wp\/v2\/posts\/14342\/revisions"}],"predecessor-version":[{"id":14344,"href":"https:\/\/www.visionweb.com.ar\/index.php?rest_route=\/wp\/v2\/posts\/14342\/revisions\/14344"}],"wp:featuredmedia":[{"embeddable":true,"href":"https:\/\/www.visionweb.com.ar\/index.php?rest_route=\/wp\/v2\/media\/14343"}],"wp:attachment":[{"href":"https:\/\/www.visionweb.com.ar\/index.php?rest_route=%2Fwp%2Fv2%2Fmedia&parent=14342"}],"wp:term":[{"taxonomy":"category","embeddable":true,"href":"https:\/\/www.visionweb.com.ar\/index.php?rest_route=%2Fwp%2Fv2%2Fcategories&post=14342"},{"taxonomy":"post_tag","embeddable":true,"href":"https:\/\/www.visionweb.com.ar\/index.php?rest_route=%2Fwp%2Fv2%2Ftags&post=14342"}],"curies":[{"name":"wp","href":"https:\/\/api.w.org\/{rel}","templated":true}]}}